{"id":1016,"date":"2026-03-04T14:11:48","date_gmt":"2026-03-04T13:11:48","guid":{"rendered":"https:\/\/magicienpro-paris.com\/?p=1016"},"modified":"2026-03-04T14:11:50","modified_gmt":"2026-03-04T13:11:50","slug":"pourquoi-gregory-del-rio-et-pas-un-autre","status":"publish","type":"post","link":"https:\/\/magicienpro-paris.com\/?p=1016","title":{"rendered":"Pourquoi Gr\u00e9gory Del Rio et pas un autre ?"},"content":{"rendered":"\n<p>Il y a une question que les gens ne posent jamais directement mais qui est toujours l\u00e0, quelque part, quand ils cherchent un mentaliste pour leur \u00e9v\u00e9nement.<\/p>\n\n\n\n<p><em>&#8220;Comment savoir si c&#8217;est vraiment le bon ?&#8221;<\/em><\/p>\n\n\n\n<p>C&#8217;est une bonne question. Et elle m\u00e9rite une r\u00e9ponse honn\u00eate.<\/p>\n\n\n\n<h2 class=\"wp-block-heading\">Ce que 26 ans de sc\u00e8ne changent vraiment<\/h2>\n\n\n\n<figure class=\"wp-block-image size-large is-resized\"><img decoding=\"async\" width=\"683\" height=\"1024\" src=\"https:\/\/magicienpro-paris.com\/wp-content\/uploads\/2024\/10\/unnamed-7-683x1024.jpg\" alt=\"Mentaliste hauts de France\" class=\"wp-image-642\" style=\"width:195px;height:auto\" srcset=\"https:\/\/magicienpro-paris.com\/wp-content\/uploads\/2024\/10\/unnamed-7-683x1024.jpg 683w, https:\/\/magicienpro-paris.com\/wp-content\/uploads\/2024\/10\/unnamed-7-200x300.jpg 200w, https:\/\/magicienpro-paris.com\/wp-content\/uploads\/2024\/10\/unnamed-7-768x1152.jpg 768w, https:\/\/magicienpro-paris.com\/wp-content\/uploads\/2024\/10\/unnamed-7-1024x1536.jpg 1024w, https:\/\/magicienpro-paris.com\/wp-content\/uploads\/2024\/10\/unnamed-7-1365x2048.jpg 1365w, https:\/\/magicienpro-paris.com\/wp-content\/uploads\/2024\/10\/unnamed-7-70x105.jpg 70w, https:\/\/magicienpro-paris.com\/wp-content\/uploads\/2024\/10\/unnamed-7-512x768.jpg 512w, https:\/\/magicienpro-paris.com\/wp-content\/uploads\/2024\/10\/unnamed-7-scaled.jpg 1707w\" sizes=\"(max-width: 683px) 100vw, 683px\" \/><\/figure>\n\n\n\n<p>Il y a des choses qu&#8217;on ne peut pas apprendre sur YouTube.<\/p>\n\n\n\n<p>La fa\u00e7on de sentir une salle en trois secondes, savoir exactement quel invit\u00e9 va porter le moment et lequel va se fermer, doser le silence encore transformer un sceptique en complice sans qu&#8217;il comprenne comment c&#8217;est arriv\u00e9.<\/p>\n\n\n\n<p>Ces choses-l\u00e0 ne s&#8217;enseignent pas. Elles se vivent. Des centaines de fois. Devant des publics diff\u00e9rents, dans des contextes diff\u00e9rents, dans des pays diff\u00e9rents.<\/p>\n\n\n\n<p>Gr\u00e9gory Del Rio fait ce m\u00e9tier depuis 26 ans. Pas en amateur. Pas en passionn\u00e9 du week-end. En professionnel de sc\u00e8ne internationale, pr\u00e9sent dans 45 pays, devant plus de 500 000 spectateurs.<\/p>\n\n\n\n<p>Ce chiffre, 500 000 spectateurs, ne repr\u00e9sente pas une carri\u00e8re. Il repr\u00e9sente 500 000 moments humains. 500 000 fois o\u00f9 quelque chose de r\u00e9el s&#8217;est pass\u00e9 entre lui et des gens qui ne s&#8217;y attendaient pas.<\/p>\n\n\n\n<div style=\"height:11px\" aria-hidden=\"true\" class=\"wp-block-spacer\"><\/div>\n\n\n\n<h2 class=\"wp-block-heading\">La nuit o\u00f9 tout est devenu \u00e9vident<\/h2>\n\n\n\n<p><\/p>\n\n\n\n<p>Il y a un moment dans une carri\u00e8re o\u00f9 on ne se pose plus la question de savoir si on est \u00e0 sa place.<\/p>\n\n\n\n<p>Pour Gr\u00e9gory, ce moment s&#8217;est pass\u00e9 devant des milliers de personnes. Une grande sc\u00e8ne. Un public immense. Le genre de salle o\u00f9 on entend son propre c\u0153ur avant d&#8217;entrer.<\/p>\n\n\n\n<p>Et puis le silence. Ce silence particulier qu&#8217;une grande salle fait quand elle retient son souffle collectivement. Pas le silence du vide, celui de l&#8217;attente. De la suspension. Du moment juste avant que quelque chose d&#8217;impossible arrive.<\/p>\n\n\n\n<p>Ce soir-l\u00e0, Gr\u00e9gory a compris une chose d\u00e9finitive : ce m\u00e9tier n&#8217;est pas de divertir les gens. C&#8217;est de leur offrir un instant o\u00f9 ils existent pleinement, ensemble, dans le m\u00eame souffle.<\/p>\n\n\n\n<p>Depuis ce soir-l\u00e0, chaque prestation \u2014 qu&#8217;elle soit devant 2000 personnes ou devant 12 convives autour d&#8217;une table de mariage \u2014 est construite autour de cette m\u00eame intention.<\/p>\n\n\n\n<div style=\"height:13px\" aria-hidden=\"true\" class=\"wp-block-spacer\"><\/div>\n\n\n\n<h2 class=\"wp-block-heading\">Trois publics. Une seule exigence.<\/h2>\n\n\n\n<p><\/p>\n\n\n\n<p>On lui demande parfois lequel il pr\u00e9f\u00e8re, le corporate, le mariage, l&#8217;international.<\/p>\n\n\n\n<p>Sa r\u00e9ponse est toujours la m\u00eame : les trois.<\/p>\n\n\n\n<p>Pas par diplomatie. Par conviction.<\/p>\n\n\n\n<p><strong>Le d\u00e9cideur corporate sceptique<\/strong>&nbsp;qui croise les bras en d\u00e9but de soir\u00e9e et qui finit par demander comment c&#8217;est possible \u2014 c&#8217;est une victoire particuli\u00e8re. Parce que convaincre quelqu&#8217;un qui ne veut pas \u00eatre convaincu, c&#8217;est le test ultime d&#8217;un vrai mentaliste.<\/p>\n\n\n\n<p><strong>Les mari\u00e9s qui n&#8217;ont pas vu venir l&#8217;\u00e9motion<\/strong>&nbsp;\u2014 parce qu&#8217;ils pensaient r\u00e9server une animation et qu&#8217;ils ont v\u00e9cu un moment qui appartient d\u00e9sormais \u00e0 leur histoire commune. Ce n&#8217;est pas un tour. C&#8217;est un souvenir de vie.<\/p>\n\n\n\n<p><strong>Le public international<\/strong>&nbsp;qui ne parle pas la m\u00eame langue mais qui ressent exactement la m\u00eame chose au m\u00eame moment \u2014 parce que l&#8217;\u00e9motion, elle, n&#8217;a pas besoin de traduction.<\/p>\n\n\n\n<p>Trois publics diff\u00e9rents. La m\u00eame pr\u00e9sence, pr\u00e9cision et humanit\u00e9.<\/p>\n\n\n\n<div style=\"height:12px\" aria-hidden=\"true\" class=\"wp-block-spacer\"><\/div>\n\n\n\n<h2 class=\"wp-block-heading\">Ce qu&#8217;il fait que personne d&#8217;autre ne fait dans la r\u00e9gion<\/h2>\n\n\n\n<p><\/p>\n\n\n\n<p>La France compte des centaines de personnes qui se pr\u00e9sentent comme <a href=\"https:\/\/magicienpro-paris.com\/spectacle-de-mentalisme-et-hypnose\/\">mentalistes <\/a>ou <a href=\"https:\/\/magicienpro-paris.com\/close-up-magicien\/\">magiciens professionnels<\/a>.<\/p>\n\n\n\n<p>Beaucoup sont talentueux. Certains sont excellents.<\/p>\n\n\n\n<p>Mais dans les Hauts-de-France, \u00e0 Reims, en \u00cele-de-France, il y a une r\u00e9alit\u00e9 simple : personne ne combine ce niveau d&#8217;exp\u00e9rience internationale, cette capacit\u00e9 de personnalisation sur mesure, et cette connaissance profonde du tissu \u00e9conomique et humain de la r\u00e9gion.<\/p>\n\n\n\n<p>Gr\u00e9gory travaille ici depuis des ann\u00e9es. Il conna\u00eet les salles, les ambiances, les attentes des publics nordistes et champenois. Il sait que le public de Lille n&#8217;est pas le public de Paris. Que ce qui fonctionne dans un s\u00e9minaire \u00e0 la D\u00e9fense ne fonctionne pas forc\u00e9ment dans un kick-off \u00e0 Reims.<\/p>\n\n\n\n<p>Cette connaissance du terrain, personne ne peut l&#8217;acheter ni l&#8217;imiter. Elle se construit sur des ann\u00e9es de pr\u00e9sence r\u00e9elle, de prestations vraies, de liens humains durables.<\/p>\n\n\n\n<div style=\"height:12px\" aria-hidden=\"true\" class=\"wp-block-spacer\"><\/div>\n\n\n\n<h2 class=\"wp-block-heading\">Ce que \u00e7a signifie pour votre \u00e9v\u00e9nement<\/h2>\n\n\n\n<p><\/p>\n\n\n\n<p>Quand vous r\u00e9servez Gr\u00e9gory Del Rio, vous ne r\u00e9servez pas un prestataire.<\/p>\n\n\n\n<p>Vous faites entrer dans votre \u00e9v\u00e9nement quelqu&#8217;un qui a pass\u00e9 26 ans \u00e0 perfectionner l&#8217;art de cr\u00e9er des moments dont on parle encore longtemps apr\u00e8s.<\/p>\n\n\n\n<p>Quelqu&#8217;un qui va prendre le temps de comprendre votre contexte, votre public, votre ambiance \u2014 et de construire quelque chose qui n&#8217;appartient qu&#8217;\u00e0 vous.<\/p>\n\n\n\n<p>Pas un spectacle standard qu&#8217;il a fait cent fois. Une exp\u00e9rience pens\u00e9e pour vos gens, ce soir-l\u00e0, dans cette salle.<\/p>\n\n\n\n<p>C&#8217;est \u00e7a la diff\u00e9rence. Et c&#8217;est pour \u00e7a qu&#8217;on n&#8217;oublie pas.<\/p>\n\n\n\n<p><\/p>\n\n\n\n<figure class=\"wp-block-image size-large is-resized\"><img decoding=\"async\" width=\"1024\" height=\"702\" src=\"https:\/\/magicienpro-paris.com\/wp-content\/uploads\/2026\/02\/Spectacle-de-Noel-1024x702.jpg\" alt=\"Mentaliste Reims\" class=\"wp-image-943\" style=\"width:450px;height:auto\" srcset=\"https:\/\/magicienpro-paris.com\/wp-content\/uploads\/2026\/02\/Spectacle-de-Noel-1024x702.jpg 1024w, https:\/\/magicienpro-paris.com\/wp-content\/uploads\/2026\/02\/Spectacle-de-Noel-300x206.jpg 300w, https:\/\/magicienpro-paris.com\/wp-content\/uploads\/2026\/02\/Spectacle-de-Noel-768x526.jpg 768w, https:\/\/magicienpro-paris.com\/wp-content\/uploads\/2026\/02\/Spectacle-de-Noel-153x105.jpg 153w, https:\/\/magicienpro-paris.com\/wp-content\/uploads\/2026\/02\/Spectacle-de-Noel-595x408.jpg 595w, https:\/\/magicienpro-paris.com\/wp-content\/uploads\/2026\/02\/Spectacle-de-Noel.jpg 1170w\" sizes=\"(max-width: 1024px) 100vw, 1024px\" \/><\/figure>\n\n\n\n<p><\/p>\n\n\n\n<p><strong>Vous pr\u00e9parez un \u00e9v\u00e9nement en Hauts-de-France, \u00e0 Reims, \u00e0 Lille ou en \u00cele-de-France ?<\/strong><\/p>\n\n\n\n<p><\/p>\n\n\n\n<p>Appelez directement ou \u00e9crivez, Gr\u00e9gory r\u00e9pond personnellement sous 24 heures.<\/p>\n\n\n\n<p>\ud83d\udcde 06 65 60 89 70 \u2709\ufe0f\u00a0<a href=\"https:\/\/magicienpro-paris.com\/contact\/\">contact@magicienpro-paris.com\u00a0<strong>\u2192 Demander un devis gratuit<\/strong><\/a><\/p>\n\n\n\n<p><\/p>\n\n\n\n<p><em>Mentaliste professionnel depuis 26 ans \u2014 Gr\u00e9gory Del Rio intervient pour les entreprises, mariages et \u00e9v\u00e9nements priv\u00e9s \u00e0 Paris, dans les Hauts-de-France (Lille, Amiens, Compi\u00e8gne, Chantilly, Beauvais), \u00e0 Reims et dans toute l&#8217;\u00cele-de-France.<\/em><\/p>\n\n\n\n<p><\/p>\n\n\n\n<p><\/p>\n","protected":false},"excerpt":{"rendered":"<p>Il y a une question que les gens ne posent jamais directement mais qui est toujours l\u00e0, quelque part, quand ils cherchent un mentaliste pour leur \u00e9v\u00e9nement. &#8220;Comment savoir si c&#8217;est vraiment le bon ?&#8221; C&#8217;est une bonne question. Et elle m\u00e9rite une r\u00e9ponse honn\u00eate. Ce que 26 ans de sc\u00e8ne changent vraiment Il y [&hellip;]<\/p>\n","protected":false},"author":2,"featured_media":744,"comment_status":"closed","ping_status":"closed","sticky":false,"template":"","format":"standard","meta":{"footnotes":""},"categories":[33,35],"tags":[],"class_list":["post-1016","post","type-post","status-publish","format-standard","has-post-thumbnail","hentry","category-entreprise","category-mentaliste"],"yoast_head":"<!-- This site is optimized with the Yoast SEO plugin v26.1.1 - https:\/\/yoast.com\/wordpress\/plugins\/seo\/ -->\n<title>Pourquoi Gr\u00e9gory Del Rio et pas un autre ? - Gr\u00e9gory DEL RIO<\/title>\n<meta name=\"robots\" content=\"index, follow, max-snippet:-1, max-image-preview:large, max-video-preview:-1\" \/>\n<link rel=\"canonical\" href=\"https:\/\/magicienpro-paris.com\/?p=1016\" \/>\n<meta property=\"og:locale\" content=\"fr_FR\" \/>\n<meta property=\"og:type\" content=\"article\" \/>\n<meta property=\"og:title\" content=\"Pourquoi Gr\u00e9gory Del Rio et pas un autre ? - Gr\u00e9gory DEL RIO\" \/>\n<meta property=\"og:description\" content=\"Il y a une question que les gens ne posent jamais directement mais qui est toujours l\u00e0, quelque part, quand ils cherchent un mentaliste pour leur \u00e9v\u00e9nement. &#8220;Comment savoir si c&#8217;est vraiment le bon ?&#8221; C&#8217;est une bonne question. Et elle m\u00e9rite une r\u00e9ponse honn\u00eate. Ce que 26 ans de sc\u00e8ne changent vraiment Il y [&hellip;]\" \/>\n<meta property=\"og:url\" content=\"https:\/\/magicienpro-paris.com\/?p=1016\" \/>\n<meta property=\"og:site_name\" content=\"Gr\u00e9gory DEL RIO\" \/>\n<meta property=\"article:published_time\" content=\"2026-03-04T13:11:48+00:00\" \/>\n<meta property=\"article:modified_time\" content=\"2026-03-04T13:11:50+00:00\" \/>\n<meta property=\"og:image\" content=\"https:\/\/magicienpro-paris.com\/wp-content\/uploads\/2025\/02\/IMG_4682.jpeg\" \/>\n\t<meta property=\"og:image:width\" content=\"960\" \/>\n\t<meta property=\"og:image:height\" content=\"717\" \/>\n\t<meta property=\"og:image:type\" content=\"image\/jpeg\" \/>\n<meta name=\"author\" content=\"magicienproparis@gmail.com\" \/>\n<meta name=\"twitter:card\" content=\"summary_large_image\" \/>\n<meta name=\"twitter:label1\" content=\"\u00c9crit par\" \/>\n\t<meta name=\"twitter:data1\" content=\"magicienproparis@gmail.com\" \/>\n\t<meta name=\"twitter:label2\" content=\"Dur\u00e9e de lecture estim\u00e9e\" \/>\n\t<meta name=\"twitter:data2\" content=\"5 minutes\" \/>\n<script type=\"application\/ld+json\" class=\"yoast-schema-graph\">{\"@context\":\"https:\/\/schema.org\",\"@graph\":[{\"@type\":\"Article\",\"@id\":\"https:\/\/magicienpro-paris.com\/?p=1016#article\",\"isPartOf\":{\"@id\":\"https:\/\/magicienpro-paris.com\/?p=1016\"},\"author\":{\"name\":\"magicienproparis@gmail.com\",\"@id\":\"https:\/\/magicienpro-paris.com\/#\/schema\/person\/d4073c3100e8531a5b3e8a4607056746\"},\"headline\":\"Pourquoi Gr\u00e9gory Del Rio et pas un autre ?\",\"datePublished\":\"2026-03-04T13:11:48+00:00\",\"dateModified\":\"2026-03-04T13:11:50+00:00\",\"mainEntityOfPage\":{\"@id\":\"https:\/\/magicienpro-paris.com\/?p=1016\"},\"wordCount\":911,\"publisher\":{\"@id\":\"https:\/\/magicienpro-paris.com\/#\/schema\/person\/d4073c3100e8531a5b3e8a4607056746\"},\"image\":{\"@id\":\"https:\/\/magicienpro-paris.com\/?p=1016#primaryimage\"},\"thumbnailUrl\":\"https:\/\/magicienpro-paris.com\/wp-content\/uploads\/2025\/02\/IMG_4682.jpeg\",\"articleSection\":[\"Entreprise\",\"Mentaliste\"],\"inLanguage\":\"fr-FR\"},{\"@type\":\"WebPage\",\"@id\":\"https:\/\/magicienpro-paris.com\/?p=1016\",\"url\":\"https:\/\/magicienpro-paris.com\/?p=1016\",\"name\":\"Pourquoi Gr\u00e9gory Del Rio et pas un autre ? - Gr\u00e9gory DEL RIO\",\"isPartOf\":{\"@id\":\"https:\/\/magicienpro-paris.com\/#website\"},\"primaryImageOfPage\":{\"@id\":\"https:\/\/magicienpro-paris.com\/?p=1016#primaryimage\"},\"image\":{\"@id\":\"https:\/\/magicienpro-paris.com\/?p=1016#primaryimage\"},\"thumbnailUrl\":\"https:\/\/magicienpro-paris.com\/wp-content\/uploads\/2025\/02\/IMG_4682.jpeg\",\"datePublished\":\"2026-03-04T13:11:48+00:00\",\"dateModified\":\"2026-03-04T13:11:50+00:00\",\"breadcrumb\":{\"@id\":\"https:\/\/magicienpro-paris.com\/?p=1016#breadcrumb\"},\"inLanguage\":\"fr-FR\",\"potentialAction\":[{\"@type\":\"ReadAction\",\"target\":[\"https:\/\/magicienpro-paris.com\/?p=1016\"]}]},{\"@type\":\"ImageObject\",\"inLanguage\":\"fr-FR\",\"@id\":\"https:\/\/magicienpro-paris.com\/?p=1016#primaryimage\",\"url\":\"https:\/\/magicienpro-paris.com\/wp-content\/uploads\/2025\/02\/IMG_4682.jpeg\",\"contentUrl\":\"https:\/\/magicienpro-paris.com\/wp-content\/uploads\/2025\/02\/IMG_4682.jpeg\",\"width\":960,\"height\":717,\"caption\":\"Mentaliste Beauvais pour \u00e9v\u00e9nements d\u2019entreprise\"},{\"@type\":\"BreadcrumbList\",\"@id\":\"https:\/\/magicienpro-paris.com\/?p=1016#breadcrumb\",\"itemListElement\":[{\"@type\":\"ListItem\",\"position\":1,\"name\":\"Accueil\",\"item\":\"https:\/\/magicienpro-paris.com\/\"},{\"@type\":\"ListItem\",\"position\":2,\"name\":\"Pourquoi Gr\u00e9gory Del Rio et pas un autre ?\"}]},{\"@type\":\"WebSite\",\"@id\":\"https:\/\/magicienpro-paris.com\/#website\",\"url\":\"https:\/\/magicienpro-paris.com\/\",\"name\":\"Gr\u00e9gory DEL RIO\",\"description\":\"Votre magicien professionnel pour vos \u00e9v\u00e8nements\",\"publisher\":{\"@id\":\"https:\/\/magicienpro-paris.com\/#\/schema\/person\/d4073c3100e8531a5b3e8a4607056746\"},\"potentialAction\":[{\"@type\":\"SearchAction\",\"target\":{\"@type\":\"EntryPoint\",\"urlTemplate\":\"https:\/\/magicienpro-paris.com\/?s={search_term_string}\"},\"query-input\":{\"@type\":\"PropertyValueSpecification\",\"valueRequired\":true,\"valueName\":\"search_term_string\"}}],\"inLanguage\":\"fr-FR\"},{\"@type\":[\"Person\",\"Organization\"],\"@id\":\"https:\/\/magicienpro-paris.com\/#\/schema\/person\/d4073c3100e8531a5b3e8a4607056746\",\"name\":\"magicienproparis@gmail.com\",\"image\":{\"@type\":\"ImageObject\",\"inLanguage\":\"fr-FR\",\"@id\":\"https:\/\/magicienpro-paris.com\/#\/schema\/person\/image\/\",\"url\":\"https:\/\/magicienpro-paris.com\/wp-content\/uploads\/2024\/09\/Logo-Gregory-DEL-RIO.png\",\"contentUrl\":\"https:\/\/magicienpro-paris.com\/wp-content\/uploads\/2024\/09\/Logo-Gregory-DEL-RIO.png\",\"width\":2908,\"height\":1161,\"caption\":\"magicienproparis@gmail.com\"},\"logo\":{\"@id\":\"https:\/\/magicienpro-paris.com\/#\/schema\/person\/image\/\"}}]}<\/script>\n<!-- \/ Yoast SEO plugin. -->","yoast_head_json":{"title":"Pourquoi Gr\u00e9gory Del Rio et pas un autre ? - Gr\u00e9gory DEL RIO","robots":{"index":"index","follow":"follow","max-snippet":"max-snippet:-1","max-image-preview":"max-image-preview:large","max-video-preview":"max-video-preview:-1"},"canonical":"https:\/\/magicienpro-paris.com\/?p=1016","og_locale":"fr_FR","og_type":"article","og_title":"Pourquoi Gr\u00e9gory Del Rio et pas un autre ? - Gr\u00e9gory DEL RIO","og_description":"Il y a une question que les gens ne posent jamais directement mais qui est toujours l\u00e0, quelque part, quand ils cherchent un mentaliste pour leur \u00e9v\u00e9nement. &#8220;Comment savoir si c&#8217;est vraiment le bon ?&#8221; C&#8217;est une bonne question. Et elle m\u00e9rite une r\u00e9ponse honn\u00eate. Ce que 26 ans de sc\u00e8ne changent vraiment Il y [&hellip;]","og_url":"https:\/\/magicienpro-paris.com\/?p=1016","og_site_name":"Gr\u00e9gory DEL RIO","article_published_time":"2026-03-04T13:11:48+00:00","article_modified_time":"2026-03-04T13:11:50+00:00","og_image":[{"width":960,"height":717,"url":"https:\/\/magicienpro-paris.com\/wp-content\/uploads\/2025\/02\/IMG_4682.jpeg","type":"image\/jpeg"}],"author":"magicienproparis@gmail.com","twitter_card":"summary_large_image","twitter_misc":{"\u00c9crit par":"magicienproparis@gmail.com","Dur\u00e9e de lecture estim\u00e9e":"5 minutes"},"schema":{"@context":"https:\/\/schema.org","@graph":[{"@type":"Article","@id":"https:\/\/magicienpro-paris.com\/?p=1016#article","isPartOf":{"@id":"https:\/\/magicienpro-paris.com\/?p=1016"},"author":{"name":"magicienproparis@gmail.com","@id":"https:\/\/magicienpro-paris.com\/#\/schema\/person\/d4073c3100e8531a5b3e8a4607056746"},"headline":"Pourquoi Gr\u00e9gory Del Rio et pas un autre ?","datePublished":"2026-03-04T13:11:48+00:00","dateModified":"2026-03-04T13:11:50+00:00","mainEntityOfPage":{"@id":"https:\/\/magicienpro-paris.com\/?p=1016"},"wordCount":911,"publisher":{"@id":"https:\/\/magicienpro-paris.com\/#\/schema\/person\/d4073c3100e8531a5b3e8a4607056746"},"image":{"@id":"https:\/\/magicienpro-paris.com\/?p=1016#primaryimage"},"thumbnailUrl":"https:\/\/magicienpro-paris.com\/wp-content\/uploads\/2025\/02\/IMG_4682.jpeg","articleSection":["Entreprise","Mentaliste"],"inLanguage":"fr-FR"},{"@type":"WebPage","@id":"https:\/\/magicienpro-paris.com\/?p=1016","url":"https:\/\/magicienpro-paris.com\/?p=1016","name":"Pourquoi Gr\u00e9gory Del Rio et pas un autre ? - Gr\u00e9gory DEL RIO","isPartOf":{"@id":"https:\/\/magicienpro-paris.com\/#website"},"primaryImageOfPage":{"@id":"https:\/\/magicienpro-paris.com\/?p=1016#primaryimage"},"image":{"@id":"https:\/\/magicienpro-paris.com\/?p=1016#primaryimage"},"thumbnailUrl":"https:\/\/magicienpro-paris.com\/wp-content\/uploads\/2025\/02\/IMG_4682.jpeg","datePublished":"2026-03-04T13:11:48+00:00","dateModified":"2026-03-04T13:11:50+00:00","breadcrumb":{"@id":"https:\/\/magicienpro-paris.com\/?p=1016#breadcrumb"},"inLanguage":"fr-FR","potentialAction":[{"@type":"ReadAction","target":["https:\/\/magicienpro-paris.com\/?p=1016"]}]},{"@type":"ImageObject","inLanguage":"fr-FR","@id":"https:\/\/magicienpro-paris.com\/?p=1016#primaryimage","url":"https:\/\/magicienpro-paris.com\/wp-content\/uploads\/2025\/02\/IMG_4682.jpeg","contentUrl":"https:\/\/magicienpro-paris.com\/wp-content\/uploads\/2025\/02\/IMG_4682.jpeg","width":960,"height":717,"caption":"Mentaliste Beauvais pour \u00e9v\u00e9nements d\u2019entreprise"},{"@type":"BreadcrumbList","@id":"https:\/\/magicienpro-paris.com\/?p=1016#breadcrumb","itemListElement":[{"@type":"ListItem","position":1,"name":"Accueil","item":"https:\/\/magicienpro-paris.com\/"},{"@type":"ListItem","position":2,"name":"Pourquoi Gr\u00e9gory Del Rio et pas un autre ?"}]},{"@type":"WebSite","@id":"https:\/\/magicienpro-paris.com\/#website","url":"https:\/\/magicienpro-paris.com\/","name":"Gr\u00e9gory DEL RIO","description":"Votre magicien professionnel pour vos \u00e9v\u00e8nements","publisher":{"@id":"https:\/\/magicienpro-paris.com\/#\/schema\/person\/d4073c3100e8531a5b3e8a4607056746"},"potentialAction":[{"@type":"SearchAction","target":{"@type":"EntryPoint","urlTemplate":"https:\/\/magicienpro-paris.com\/?s={search_term_string}"},"query-input":{"@type":"PropertyValueSpecification","valueRequired":true,"valueName":"search_term_string"}}],"inLanguage":"fr-FR"},{"@type":["Person","Organization"],"@id":"https:\/\/magicienpro-paris.com\/#\/schema\/person\/d4073c3100e8531a5b3e8a4607056746","name":"magicienproparis@gmail.com","image":{"@type":"ImageObject","inLanguage":"fr-FR","@id":"https:\/\/magicienpro-paris.com\/#\/schema\/person\/image\/","url":"https:\/\/magicienpro-paris.com\/wp-content\/uploads\/2024\/09\/Logo-Gregory-DEL-RIO.png","contentUrl":"https:\/\/magicienpro-paris.com\/wp-content\/uploads\/2024\/09\/Logo-Gregory-DEL-RIO.png","width":2908,"height":1161,"caption":"magicienproparis@gmail.com"},"logo":{"@id":"https:\/\/magicienpro-paris.com\/#\/schema\/person\/image\/"}}]}},"_links":{"self":[{"href":"https:\/\/magicienpro-paris.com\/index.php?rest_route=\/wp\/v2\/posts\/1016","targetHints":{"allow":["GET"]}}],"collection":[{"href":"https:\/\/magicienpro-paris.com\/index.php?rest_route=\/wp\/v2\/posts"}],"about":[{"href":"https:\/\/magicienpro-paris.com\/index.php?rest_route=\/wp\/v2\/types\/post"}],"author":[{"embeddable":true,"href":"https:\/\/magicienpro-paris.com\/index.php?rest_route=\/wp\/v2\/users\/2"}],"replies":[{"embeddable":true,"href":"https:\/\/magicienpro-paris.com\/index.php?rest_route=%2Fwp%2Fv2%2Fcomments&post=1016"}],"version-history":[{"count":5,"href":"https:\/\/magicienpro-paris.com\/index.php?rest_route=\/wp\/v2\/posts\/1016\/revisions"}],"predecessor-version":[{"id":1021,"href":"https:\/\/magicienpro-paris.com\/index.php?rest_route=\/wp\/v2\/posts\/1016\/revisions\/1021"}],"wp:featuredmedia":[{"embeddable":true,"href":"https:\/\/magicienpro-paris.com\/index.php?rest_route=\/wp\/v2\/media\/744"}],"wp:attachment":[{"href":"https:\/\/magicienpro-paris.com\/index.php?rest_route=%2Fwp%2Fv2%2Fmedia&parent=1016"}],"wp:term":[{"taxonomy":"category","embeddable":true,"href":"https:\/\/magicienpro-paris.com\/index.php?rest_route=%2Fwp%2Fv2%2Fcategories&post=1016"},{"taxonomy":"post_tag","embeddable":true,"href":"https:\/\/magicienpro-paris.com\/index.php?rest_route=%2Fwp%2Fv2%2Ftags&post=1016"}],"curies":[{"name":"wp","href":"https:\/\/api.w.org\/{rel}","templated":true}]}}