{"id":1022,"date":"2026-03-04T14:47:58","date_gmt":"2026-03-04T13:47:58","guid":{"rendered":"https:\/\/magicienpro-paris.com\/?p=1022"},"modified":"2026-03-12T10:45:33","modified_gmt":"2026-03-12T09:45:33","slug":"animation-mentalisme-mariage-reims","status":"publish","type":"post","link":"https:\/\/magicienpro-paris.com\/?p=1022","title":{"rendered":"Animation mentalisme mariage Reims"},"content":{"rendered":"\n<p>Il y a des animations de mariages qu&#8217;on oublie en sortant du parking.<\/p>\n\n\n\n<p>Et il y en a d&#8217;autres dont on parle encore trois ans apr\u00e8s, \u00e0 No\u00ebl, quand quelqu&#8217;un dit&nbsp;<em>&#8220;vous vous souvenez de ce soir-l\u00e0 ?&#8221;<\/em>et que toute la table sourit en m\u00eame temps.<\/p>\n\n\n\n<p>La diff\u00e9rence entre les deux tient souvent \u00e0 un seul moment. Un instant suspendu. Quelque chose que personne n&#8217;avait vu venir.<\/p>\n\n\n\n<p>C&#8217;est exactement ce que l&#8217;<a href=\"https:\/\/magicienpro-paris.com\/magicien-pour-particuliers\/magicien-mariage\/\">animation mentalisme<\/a> peut faire pour votre mariage \u00e0 Reims.<\/p>\n\n\n\n<p><\/p>\n\n\n\n<h2 class=\"wp-block-heading\">Pourquoi Reims est une ville particuli\u00e8rement bien faite pour le mentalisme ?<\/h2>\n\n\n\n<p><\/p>\n\n\n\n<p><\/p>\n\n\n\n<p>Ce n&#8217;est pas un hasard si le mentalisme fonctionne si bien dans les mariages champenois.<\/p>\n\n\n\n<p>Les R\u00e9mois ont quelque chose que j&#8217;ai rarement trouv\u00e9 ailleurs en France, une fa\u00e7on d&#8217;\u00eatre ensemble qui est \u00e0 la fois directe et chaleureuse. Ils ne font pas semblant d&#8217;\u00eatre \u00e9merveill\u00e9s quand ils ne le sont pas. Mais quand quelque chose les touche vraiment, ils le montrent sans retenue.<\/p>\n\n\n\n<p><\/p>\n\n\n\n<p><\/p>\n\n\n\n<figure class=\"wp-block-image size-full is-resized\"><img decoding=\"async\" width=\"1024\" height=\"768\" src=\"https:\/\/magicienpro-paris.com\/wp-content\/uploads\/2024\/10\/MariageChateauGassies_TristanPerrier_LK-576-1.jpg\" alt=\"Mentaliste mariage \u00e0 Reims\" class=\"wp-image-641\" style=\"width:266px;height:auto\" srcset=\"https:\/\/magicienpro-paris.com\/wp-content\/uploads\/2024\/10\/MariageChateauGassies_TristanPerrier_LK-576-1.jpg 1024w, https:\/\/magicienpro-paris.com\/wp-content\/uploads\/2024\/10\/MariageChateauGassies_TristanPerrier_LK-576-1-300x225.jpg 300w, https:\/\/magicienpro-paris.com\/wp-content\/uploads\/2024\/10\/MariageChateauGassies_TristanPerrier_LK-576-1-768x576.jpg 768w, https:\/\/magicienpro-paris.com\/wp-content\/uploads\/2024\/10\/MariageChateauGassies_TristanPerrier_LK-576-1-140x105.jpg 140w, https:\/\/magicienpro-paris.com\/wp-content\/uploads\/2024\/10\/MariageChateauGassies_TristanPerrier_LK-576-1-595x446.jpg 595w\" sizes=\"(max-width: 1024px) 100vw, 1024px\" \/><\/figure>\n\n\n\n<p><\/p>\n\n\n\n<p><\/p>\n\n\n\n<p>C&#8217;est le public id\u00e9al pour le <a href=\"https:\/\/magicienpro-paris.com\/magicien-pour-particuliers\/magicien-mariage\/\">mentalisme<\/a>.<\/p>\n\n\n\n<p>Parce que le mentalisme ne cherche pas \u00e0 \u00e9pater. Il cherche \u00e0 toucher. Et un public qui ne triche pas avec ses \u00e9motions, c&#8217;est un public qui vit les choses pleinement.<\/p>\n\n\n\n<p>J&#8217;interviens r\u00e9guli\u00e8rement pour des mariages \u00e0 Reims, en Champagne et dans toute la Marne depuis des ann\u00e9es. Chaque fois, je repars avec la m\u00eame certitude : il y a quelque chose de particulier dans l&#8217;air ici. Peut-\u00eatre les bulles. Peut-\u00eatre les gens.<\/p>\n\n\n\n<p><\/p>\n\n\n\n<p><\/p>\n\n\n\n<h2 class=\"wp-block-heading\">Une animation mentalisme \u00e0 un mariage ?<\/h2>\n\n\n\n<p>Oubliez l&#8217;image du mentaliste en costume noir qui fixe les gens avec un regard myst\u00e9rieux.<\/p>\n\n\n\n<p>Voil\u00e0 ce qui se passe concr\u00e8tement lors d&#8217;un mariage r\u00e9mois.<\/p>\n\n\n\n<p><strong>Pendant le vin d&#8217;honneur<\/strong>, je circule parmi vos invit\u00e9s. Pas en faisant un show en cr\u00e9ant des moments. Je passe vingt minutes avec le groupe des amis d&#8217;universit\u00e9, je cr\u00e9e un instant qui les fait \u00e9clater de rire et de stup\u00e9faction. Je m&#8217;approche ensuite des grands-parents, doucement, avec quelque chose de plus intime. Cinq minutes plus tard, ils sourient encore.<\/p>\n\n\n\n<p>Deux familles qui ne se connaissaient pas une heure avant partagent maintenant quelque chose. Un souvenir commun. Un lien qui n&#8217;existait pas encore.<\/p>\n\n\n\n<p><strong>Pendant ou apr\u00e8s le d\u00eener<\/strong>, selon votre organisation, je peux proposer un moment de sc\u00e8ne plus collectif \u2014 dix \u00e0 vingt minutes o\u00f9 toute la salle vit la m\u00eame exp\u00e9rience en m\u00eame temps. Le silence qui tombe quand quelque chose d&#8217;impossible vient de se passer devant cent personnes \u2014 c&#8217;est un son que ceux qui l&#8217;ont entendu une fois ne l&#8217;oublient jamais.<\/p>\n\n\n\n<p>C&#8217;est la question que me posent presque tous les futurs mari\u00e9s. Et la r\u00e9ponse d\u00e9pend d&#8217;une seule chose \u2014 le rythme de votre journ\u00e9e.<\/p>\n\n\n\n<p><strong>Vous avez un vin d&#8217;honneur d&#8217;une heure \u00e0 une heure trente ?<\/strong>&nbsp;Le <a href=\"https:\/\/magicienpro-paris.com\/mentaliste-entreprises\/\">close-up<\/a> est fait pour vous. Je me d\u00e9place, je cr\u00e9e des moments individuels et en petits groupes, vos invit\u00e9s vivent l&#8217;exp\u00e9rience de pr\u00e8s. C&#8217;est intime, surprenant, et \u00e7a brise naturellement la glace entre des gens qui ne se connaissent pas encore.<\/p>\n\n\n\n<p><strong>Vous voulez un moment fort qui rassemble toute la salle ?<\/strong>&nbsp;Un <a href=\"https:\/\/magicienpro-paris.com\/spectacle-de-mentalisme-et-hypnose\/\">spectacle court de mentalisme<\/a>, vingt \u00e0 quarante minutes, cr\u00e9e une exp\u00e9rience collective. Tout le monde vit la m\u00eame chose au m\u00eame moment. C&#8217;est le genre de moment dont on parle dans le discours du t\u00e9moin.<\/p>\n\n\n\n<p><strong>Vous voulez les deux ?<\/strong>&nbsp;C&#8217;est la formule qui laisse les souvenirs les plus durables. Close-up pendant le vin d&#8217;honneur pour cr\u00e9er du lien, spectacle en soir\u00e9e pour cr\u00e9er le grand moment. Vos invit\u00e9s finissent la nuit avec l&#8217;impression d&#8217;avoir v\u00e9cu quelque chose d&#8217;unique parce que c&#8217;est exactement ce qui s&#8217;est pass\u00e9.<\/p>\n\n\n\n<p><\/p>\n\n\n\n<p><\/p>\n\n\n\n<h2 class=\"wp-block-heading\">Les 4 questions \u00e0 poser avant de r\u00e9server un mentaliste pour votre mariage \u00e0 Reims<\/h2>\n\n\n\n<p><\/p>\n\n\n\n<p><\/p>\n\n\n\n<p>Le march\u00e9 du mentalisme \u00e9v\u00e9nementiel s&#8217;est beaucoup d\u00e9velopp\u00e9 ces derni\u00e8res ann\u00e9es. Beaucoup de profils, des niveaux tr\u00e8s diff\u00e9rents, des promesses qui se ressemblent toutes.<\/p>\n\n\n\n<p>Voici quatre questions simples qui vous aideront \u00e0 distinguer un vrai professionnel d&#8217;un artiste en devenir.<\/p>\n\n\n\n<p><strong>1. Depuis combien de temps exercez-vous ?<\/strong>&nbsp;Pas en amateur mais professionnellement, devant des publics r\u00e9els, dans des contextes vari\u00e9s. L&#8217;exp\u00e9rience sc\u00e9nique ne se mesure pas en ann\u00e9es de passion mais en centaines de prestations r\u00e9elles.<\/p>\n\n\n\n<p><strong>2. Avez-vous des r\u00e9f\u00e9rences v\u00e9rifiables pour des mariages dans la r\u00e9gion ?<\/strong>&nbsp;Des noms, des t\u00e9moignages avec pr\u00e9nom et ville, des vid\u00e9os en conditions r\u00e9elles. Pas des clips mont\u00e9s avec de la musique, des images o\u00f9 on voit le public r\u00e9agir.<\/p>\n\n\n\n<p><strong>3. Comment personnalisez-vous votre prestation ?<\/strong>&nbsp;Un professionnel vous pose des questions sur vous, sur vos invit\u00e9s, sur l&#8217;ambiance souhait\u00e9e. Quelqu&#8217;un qui arrive avec le m\u00eame spectacle quel que soit le contexte, ce n&#8217;est pas ce que vous voulez pour le plus beau jour de votre vie.<\/p>\n\n\n\n<p><strong>4. Comment se passe la coordination avec votre wedding planner ou votre ma\u00eetre de c\u00e9r\u00e9monie ?<\/strong>&nbsp;Un bon artiste s&#8217;int\u00e8gre dans votre organisation sans la perturber. Il sait s&#8217;adapter au timing r\u00e9el d&#8217;une journ\u00e9e de mariage parce que rien ne se passe jamais exactement comme pr\u00e9vu.<\/p>\n\n\n\n<p><\/p>\n\n\n\n<p><\/p>\n\n\n\n<h2 class=\"wp-block-heading\">Ce que 26 ans de sc\u00e8ne changent pour votre mariage<\/h2>\n\n\n\n<p><\/p>\n\n\n\n<figure class=\"wp-block-image size-large is-resized\"><img decoding=\"async\" width=\"576\" height=\"1024\" src=\"https:\/\/magicienpro-paris.com\/wp-content\/uploads\/2024\/10\/unnamed-3-576x1024.jpg\" alt=\"Mentaliste close up vin d'honneur pour mariage \u00e0 Reims\" class=\"wp-image-619\" style=\"width:197px;height:auto\" srcset=\"https:\/\/magicienpro-paris.com\/wp-content\/uploads\/2024\/10\/unnamed-3-576x1024.jpg 576w, https:\/\/magicienpro-paris.com\/wp-content\/uploads\/2024\/10\/unnamed-3-169x300.jpg 169w, https:\/\/magicienpro-paris.com\/wp-content\/uploads\/2024\/10\/unnamed-3-768x1365.jpg 768w, https:\/\/magicienpro-paris.com\/wp-content\/uploads\/2024\/10\/unnamed-3-864x1536.jpg 864w, https:\/\/magicienpro-paris.com\/wp-content\/uploads\/2024\/10\/unnamed-3-59x105.jpg 59w, https:\/\/magicienpro-paris.com\/wp-content\/uploads\/2024\/10\/unnamed-3-432x768.jpg 432w, https:\/\/magicienpro-paris.com\/wp-content\/uploads\/2024\/10\/unnamed-3.jpg 1080w\" sizes=\"(max-width: 576px) 100vw, 576px\" \/><\/figure>\n\n\n\n<p><\/p>\n\n\n\n<p><\/p>\n\n\n\n<p>Je m&#8217;appelle Gr\u00e9gory Del Rio. Je suis <a href=\"https:\/\/magicienpro-paris.com\/close-up-magicien\/\">mentaliste et magicien professionnel <\/a>depuis 26 ans.<\/p>\n\n\n\n<p>J&#8217;ai travaill\u00e9 dans 45 pays, devant plus de 500 000 spectateurs, pour des \u00e9v\u00e9nements qui allaient du grand gala international au mariage le plus intime.<\/p>\n\n\n\n<p>Ce que toutes ces ann\u00e9es m&#8217;ont appris, c&#8217;est une chose simple : chaque mariage est unique. Chaque famille est diff\u00e9rente. Chaque public a sa propre fa\u00e7on de s&#8217;ouvrir, de rire, d&#8217;\u00eatre touch\u00e9.<\/p>\n\n\n\n<p>Mon travail ce n&#8217;est pas d&#8217;arriver avec un spectacle et de le d\u00e9rouler. C&#8217;est de lire votre salle en quelques minutes, de sentir ce qui va fonctionner, et de cr\u00e9er quelque chose qui appartient \u00e0 votre journ\u00e9e, pas \u00e0 toutes les journ\u00e9es.<\/p>\n\n\n\n<p>Pour les mariages \u00e0 Reims et dans toute la Champagne-Ardenne, je me d\u00e9place personnellement. Je prends le temps d&#8217;\u00e9changer avec vous avant l&#8217;\u00e9v\u00e9nement pour comprendre ce que vous voulez vraiment. Et le jour J, je suis l\u00e0 pour que vos invit\u00e9s repartent avec quelque chose qu&#8217;ils n&#8217;attendaient pas.<\/p>\n\n\n\n<p><\/p>\n\n\n\n<p><\/p>\n\n\n\n<h2 class=\"wp-block-heading\">Reims et ses environs o\u00f9 j&#8217;interviens pour vos mariages<\/h2>\n\n\n\n<p>Je me d\u00e9place r\u00e9guli\u00e8rement pour des mariages \u00e0 <a href=\"https:\/\/www.reims.fr\">Reims<\/a>, \u00c9pernay, Ch\u00e2lons-en-Champagne, Troyes, ainsi que dans toute la Marne et les d\u00e9partements voisins. Pour les lieux de r\u00e9ception hors r\u00e9gion, ch\u00e2teaux, domaines viticoles, salles de prestige, je m&#8217;adapte \u00e0 votre organisation.<\/p>\n\n\n\n<p><\/p>\n\n\n\n<p><\/p>\n\n\n\n<h2 class=\"wp-block-heading\">V\u00e9rifiez ma disponibilit\u00e9 pour votre date<\/h2>\n\n\n\n<p><\/p>\n\n\n\n<p><\/p>\n\n\n\n<p>Les dates de juin, juillet et septembre sont les premi\u00e8res r\u00e9serv\u00e9es, souvent 12 \u00e0 18 mois \u00e0 l&#8217;avance.<\/p>\n\n\n\n<p><\/p>\n\n\n\n<p><\/p>\n\n\n\n<p>Si votre mariage approche, contactez-moi maintenant pour v\u00e9rifier ma disponibilit\u00e9. Je vous r\u00e9ponds personnellement sous 24 heures avec une proposition adapt\u00e9e \u00e0 votre programme et \u00e0 vos invit\u00e9s.<\/p>\n\n\n\n<p>\ud83d\udcde&nbsp;<strong>06 65 60 89 70<\/strong>&nbsp;\u2709\ufe0f&nbsp;<strong><a href=\"mailto:contact@magicienpro-paris.com\">contact@magicienpro-paris.com<\/a><\/strong>&nbsp;<strong><a href=\"#\">\u2192 Demander un devis pour mon mariage \u00e0 Reims<\/a><\/strong><\/p>\n\n\n\n<p>Gr\u00e9gory Del Rio, mentaliste et magicien professionnel, intervient pour les mariages \u00e0 Reims, \u00c9pernay, Ch\u00e2lons-en-Champagne, dans toute la Marne (51) et les Hauts-de-France. L&#8217; animation mentaliste de votre mariage \u00e0 Reims est disponible ici. <\/p>\n\n\n\n<p>Cette animation mentalisme \u00e0 Reims est \u00e9galement propos\u00e9e pour des \u00e9v\u00e9nements \u00e0 \u00c9pernay, Ch\u00e2lons-en-Champagne, Tinqueux ou encore Bezannes.<\/p>\n\n\n\n<p><\/p>\n","protected":false},"excerpt":{"rendered":"<p>Il y a des animations de mariages qu&#8217;on oublie en sortant du parking. Et il y en a d&#8217;autres dont on parle encore trois ans apr\u00e8s, \u00e0 No\u00ebl, quand quelqu&#8217;un dit&nbsp;&#8220;vous vous souvenez de ce soir-l\u00e0 ?&#8221;et que toute la table sourit en m\u00eame temps. La diff\u00e9rence entre les deux tient souvent \u00e0 un seul [&hellip;]<\/p>\n","protected":false},"author":2,"featured_media":607,"comment_status":"closed","ping_status":"closed","sticky":false,"template":"","format":"standard","meta":{"footnotes":""},"categories":[35,32],"tags":[],"class_list":["post-1022","post","type-post","status-publish","format-standard","has-post-thumbnail","hentry","category-mentaliste","category-particulier"],"yoast_head":"<!-- This site is optimized with the Yoast SEO plugin v26.1.1 - https:\/\/yoast.com\/wordpress\/plugins\/seo\/ -->\n<title>Animation mentalisme mariage Reims - Gr\u00e9gory DEL RIO<\/title>\n<meta name=\"robots\" content=\"index, follow, max-snippet:-1, max-image-preview:large, max-video-preview:-1\" \/>\n<link rel=\"canonical\" href=\"https:\/\/magicienpro-paris.com\/?p=1022\" \/>\n<meta property=\"og:locale\" content=\"fr_FR\" \/>\n<meta property=\"og:type\" content=\"article\" \/>\n<meta property=\"og:title\" content=\"Animation mentalisme mariage Reims - Gr\u00e9gory DEL RIO\" \/>\n<meta property=\"og:description\" content=\"Il y a des animations de mariages qu&#8217;on oublie en sortant du parking. Et il y en a d&#8217;autres dont on parle encore trois ans apr\u00e8s, \u00e0 No\u00ebl, quand quelqu&#8217;un dit&nbsp;&#8220;vous vous souvenez de ce soir-l\u00e0 ?&#8221;et que toute la table sourit en m\u00eame temps. La diff\u00e9rence entre les deux tient souvent \u00e0 un seul [&hellip;]\" \/>\n<meta property=\"og:url\" content=\"https:\/\/magicienpro-paris.com\/?p=1022\" \/>\n<meta property=\"og:site_name\" content=\"Gr\u00e9gory DEL RIO\" \/>\n<meta property=\"article:published_time\" content=\"2026-03-04T13:47:58+00:00\" \/>\n<meta property=\"article:modified_time\" content=\"2026-03-12T09:45:33+00:00\" \/>\n<meta property=\"og:image\" content=\"https:\/\/magicienpro-paris.com\/wp-content\/uploads\/2024\/09\/MR2024_644-1-1-1024x683.jpg\" \/>\n\t<meta property=\"og:image:width\" content=\"1024\" \/>\n\t<meta property=\"og:image:height\" content=\"683\" \/>\n\t<meta property=\"og:image:type\" content=\"image\/jpeg\" \/>\n<meta name=\"author\" content=\"magicienproparis@gmail.com\" \/>\n<meta name=\"twitter:card\" content=\"summary_large_image\" \/>\n<meta name=\"twitter:label1\" content=\"\u00c9crit par\" \/>\n\t<meta name=\"twitter:data1\" content=\"magicienproparis@gmail.com\" \/>\n\t<meta name=\"twitter:label2\" content=\"Dur\u00e9e de lecture estim\u00e9e\" \/>\n\t<meta name=\"twitter:data2\" content=\"7 minutes\" \/>\n<script type=\"application\/ld+json\" class=\"yoast-schema-graph\">{\"@context\":\"https:\/\/schema.org\",\"@graph\":[{\"@type\":\"Article\",\"@id\":\"https:\/\/magicienpro-paris.com\/?p=1022#article\",\"isPartOf\":{\"@id\":\"https:\/\/magicienpro-paris.com\/?p=1022\"},\"author\":{\"name\":\"magicienproparis@gmail.com\",\"@id\":\"https:\/\/magicienpro-paris.com\/#\/schema\/person\/d4073c3100e8531a5b3e8a4607056746\"},\"headline\":\"Animation mentalisme mariage Reims\",\"datePublished\":\"2026-03-04T13:47:58+00:00\",\"dateModified\":\"2026-03-12T09:45:33+00:00\",\"mainEntityOfPage\":{\"@id\":\"https:\/\/magicienpro-paris.com\/?p=1022\"},\"wordCount\":1287,\"publisher\":{\"@id\":\"https:\/\/magicienpro-paris.com\/#\/schema\/person\/d4073c3100e8531a5b3e8a4607056746\"},\"image\":{\"@id\":\"https:\/\/magicienpro-paris.com\/?p=1022#primaryimage\"},\"thumbnailUrl\":\"https:\/\/magicienpro-paris.com\/wp-content\/uploads\/2024\/09\/MR2024_644-1-1.jpg\",\"articleSection\":[\"Mentaliste\",\"Particulier\"],\"inLanguage\":\"fr-FR\"},{\"@type\":\"WebPage\",\"@id\":\"https:\/\/magicienpro-paris.com\/?p=1022\",\"url\":\"https:\/\/magicienpro-paris.com\/?p=1022\",\"name\":\"Animation mentalisme mariage Reims - Gr\u00e9gory DEL RIO\",\"isPartOf\":{\"@id\":\"https:\/\/magicienpro-paris.com\/#website\"},\"primaryImageOfPage\":{\"@id\":\"https:\/\/magicienpro-paris.com\/?p=1022#primaryimage\"},\"image\":{\"@id\":\"https:\/\/magicienpro-paris.com\/?p=1022#primaryimage\"},\"thumbnailUrl\":\"https:\/\/magicienpro-paris.com\/wp-content\/uploads\/2024\/09\/MR2024_644-1-1.jpg\",\"datePublished\":\"2026-03-04T13:47:58+00:00\",\"dateModified\":\"2026-03-12T09:45:33+00:00\",\"breadcrumb\":{\"@id\":\"https:\/\/magicienpro-paris.com\/?p=1022#breadcrumb\"},\"inLanguage\":\"fr-FR\",\"potentialAction\":[{\"@type\":\"ReadAction\",\"target\":[\"https:\/\/magicienpro-paris.com\/?p=1022\"]}]},{\"@type\":\"ImageObject\",\"inLanguage\":\"fr-FR\",\"@id\":\"https:\/\/magicienpro-paris.com\/?p=1022#primaryimage\",\"url\":\"https:\/\/magicienpro-paris.com\/wp-content\/uploads\/2024\/09\/MR2024_644-1-1.jpg\",\"contentUrl\":\"https:\/\/magicienpro-paris.com\/wp-content\/uploads\/2024\/09\/MR2024_644-1-1.jpg\",\"width\":2500,\"height\":1667,\"caption\":\"Animation Mentaliste mariage Reims\"},{\"@type\":\"BreadcrumbList\",\"@id\":\"https:\/\/magicienpro-paris.com\/?p=1022#breadcrumb\",\"itemListElement\":[{\"@type\":\"ListItem\",\"position\":1,\"name\":\"Accueil\",\"item\":\"https:\/\/magicienpro-paris.com\/\"},{\"@type\":\"ListItem\",\"position\":2,\"name\":\"Animation mentalisme mariage Reims\"}]},{\"@type\":\"WebSite\",\"@id\":\"https:\/\/magicienpro-paris.com\/#website\",\"url\":\"https:\/\/magicienpro-paris.com\/\",\"name\":\"Gr\u00e9gory DEL RIO\",\"description\":\"Votre magicien professionnel pour vos \u00e9v\u00e8nements\",\"publisher\":{\"@id\":\"https:\/\/magicienpro-paris.com\/#\/schema\/person\/d4073c3100e8531a5b3e8a4607056746\"},\"potentialAction\":[{\"@type\":\"SearchAction\",\"target\":{\"@type\":\"EntryPoint\",\"urlTemplate\":\"https:\/\/magicienpro-paris.com\/?s={search_term_string}\"},\"query-input\":{\"@type\":\"PropertyValueSpecification\",\"valueRequired\":true,\"valueName\":\"search_term_string\"}}],\"inLanguage\":\"fr-FR\"},{\"@type\":[\"Person\",\"Organization\"],\"@id\":\"https:\/\/magicienpro-paris.com\/#\/schema\/person\/d4073c3100e8531a5b3e8a4607056746\",\"name\":\"magicienproparis@gmail.com\",\"image\":{\"@type\":\"ImageObject\",\"inLanguage\":\"fr-FR\",\"@id\":\"https:\/\/magicienpro-paris.com\/#\/schema\/person\/image\/\",\"url\":\"https:\/\/magicienpro-paris.com\/wp-content\/uploads\/2024\/09\/Logo-Gregory-DEL-RIO.png\",\"contentUrl\":\"https:\/\/magicienpro-paris.com\/wp-content\/uploads\/2024\/09\/Logo-Gregory-DEL-RIO.png\",\"width\":2908,\"height\":1161,\"caption\":\"magicienproparis@gmail.com\"},\"logo\":{\"@id\":\"https:\/\/magicienpro-paris.com\/#\/schema\/person\/image\/\"}}]}<\/script>\n<!-- \/ Yoast SEO plugin. -->","yoast_head_json":{"title":"Animation mentalisme mariage Reims - Gr\u00e9gory DEL RIO","robots":{"index":"index","follow":"follow","max-snippet":"max-snippet:-1","max-image-preview":"max-image-preview:large","max-video-preview":"max-video-preview:-1"},"canonical":"https:\/\/magicienpro-paris.com\/?p=1022","og_locale":"fr_FR","og_type":"article","og_title":"Animation mentalisme mariage Reims - Gr\u00e9gory DEL RIO","og_description":"Il y a des animations de mariages qu&#8217;on oublie en sortant du parking. Et il y en a d&#8217;autres dont on parle encore trois ans apr\u00e8s, \u00e0 No\u00ebl, quand quelqu&#8217;un dit&nbsp;&#8220;vous vous souvenez de ce soir-l\u00e0 ?&#8221;et que toute la table sourit en m\u00eame temps. La diff\u00e9rence entre les deux tient souvent \u00e0 un seul [&hellip;]","og_url":"https:\/\/magicienpro-paris.com\/?p=1022","og_site_name":"Gr\u00e9gory DEL RIO","article_published_time":"2026-03-04T13:47:58+00:00","article_modified_time":"2026-03-12T09:45:33+00:00","og_image":[{"width":1024,"height":683,"url":"https:\/\/magicienpro-paris.com\/wp-content\/uploads\/2024\/09\/MR2024_644-1-1-1024x683.jpg","type":"image\/jpeg"}],"author":"magicienproparis@gmail.com","twitter_card":"summary_large_image","twitter_misc":{"\u00c9crit par":"magicienproparis@gmail.com","Dur\u00e9e de lecture estim\u00e9e":"7 minutes"},"schema":{"@context":"https:\/\/schema.org","@graph":[{"@type":"Article","@id":"https:\/\/magicienpro-paris.com\/?p=1022#article","isPartOf":{"@id":"https:\/\/magicienpro-paris.com\/?p=1022"},"author":{"name":"magicienproparis@gmail.com","@id":"https:\/\/magicienpro-paris.com\/#\/schema\/person\/d4073c3100e8531a5b3e8a4607056746"},"headline":"Animation mentalisme mariage Reims","datePublished":"2026-03-04T13:47:58+00:00","dateModified":"2026-03-12T09:45:33+00:00","mainEntityOfPage":{"@id":"https:\/\/magicienpro-paris.com\/?p=1022"},"wordCount":1287,"publisher":{"@id":"https:\/\/magicienpro-paris.com\/#\/schema\/person\/d4073c3100e8531a5b3e8a4607056746"},"image":{"@id":"https:\/\/magicienpro-paris.com\/?p=1022#primaryimage"},"thumbnailUrl":"https:\/\/magicienpro-paris.com\/wp-content\/uploads\/2024\/09\/MR2024_644-1-1.jpg","articleSection":["Mentaliste","Particulier"],"inLanguage":"fr-FR"},{"@type":"WebPage","@id":"https:\/\/magicienpro-paris.com\/?p=1022","url":"https:\/\/magicienpro-paris.com\/?p=1022","name":"Animation mentalisme mariage Reims - Gr\u00e9gory DEL RIO","isPartOf":{"@id":"https:\/\/magicienpro-paris.com\/#website"},"primaryImageOfPage":{"@id":"https:\/\/magicienpro-paris.com\/?p=1022#primaryimage"},"image":{"@id":"https:\/\/magicienpro-paris.com\/?p=1022#primaryimage"},"thumbnailUrl":"https:\/\/magicienpro-paris.com\/wp-content\/uploads\/2024\/09\/MR2024_644-1-1.jpg","datePublished":"2026-03-04T13:47:58+00:00","dateModified":"2026-03-12T09:45:33+00:00","breadcrumb":{"@id":"https:\/\/magicienpro-paris.com\/?p=1022#breadcrumb"},"inLanguage":"fr-FR","potentialAction":[{"@type":"ReadAction","target":["https:\/\/magicienpro-paris.com\/?p=1022"]}]},{"@type":"ImageObject","inLanguage":"fr-FR","@id":"https:\/\/magicienpro-paris.com\/?p=1022#primaryimage","url":"https:\/\/magicienpro-paris.com\/wp-content\/uploads\/2024\/09\/MR2024_644-1-1.jpg","contentUrl":"https:\/\/magicienpro-paris.com\/wp-content\/uploads\/2024\/09\/MR2024_644-1-1.jpg","width":2500,"height":1667,"caption":"Animation Mentaliste mariage Reims"},{"@type":"BreadcrumbList","@id":"https:\/\/magicienpro-paris.com\/?p=1022#breadcrumb","itemListElement":[{"@type":"ListItem","position":1,"name":"Accueil","item":"https:\/\/magicienpro-paris.com\/"},{"@type":"ListItem","position":2,"name":"Animation mentalisme mariage Reims"}]},{"@type":"WebSite","@id":"https:\/\/magicienpro-paris.com\/#website","url":"https:\/\/magicienpro-paris.com\/","name":"Gr\u00e9gory DEL RIO","description":"Votre magicien professionnel pour vos \u00e9v\u00e8nements","publisher":{"@id":"https:\/\/magicienpro-paris.com\/#\/schema\/person\/d4073c3100e8531a5b3e8a4607056746"},"potentialAction":[{"@type":"SearchAction","target":{"@type":"EntryPoint","urlTemplate":"https:\/\/magicienpro-paris.com\/?s={search_term_string}"},"query-input":{"@type":"PropertyValueSpecification","valueRequired":true,"valueName":"search_term_string"}}],"inLanguage":"fr-FR"},{"@type":["Person","Organization"],"@id":"https:\/\/magicienpro-paris.com\/#\/schema\/person\/d4073c3100e8531a5b3e8a4607056746","name":"magicienproparis@gmail.com","image":{"@type":"ImageObject","inLanguage":"fr-FR","@id":"https:\/\/magicienpro-paris.com\/#\/schema\/person\/image\/","url":"https:\/\/magicienpro-paris.com\/wp-content\/uploads\/2024\/09\/Logo-Gregory-DEL-RIO.png","contentUrl":"https:\/\/magicienpro-paris.com\/wp-content\/uploads\/2024\/09\/Logo-Gregory-DEL-RIO.png","width":2908,"height":1161,"caption":"magicienproparis@gmail.com"},"logo":{"@id":"https:\/\/magicienpro-paris.com\/#\/schema\/person\/image\/"}}]}},"_links":{"self":[{"href":"https:\/\/magicienpro-paris.com\/index.php?rest_route=\/wp\/v2\/posts\/1022","targetHints":{"allow":["GET"]}}],"collection":[{"href":"https:\/\/magicienpro-paris.com\/index.php?rest_route=\/wp\/v2\/posts"}],"about":[{"href":"https:\/\/magicienpro-paris.com\/index.php?rest_route=\/wp\/v2\/types\/post"}],"author":[{"embeddable":true,"href":"https:\/\/magicienpro-paris.com\/index.php?rest_route=\/wp\/v2\/users\/2"}],"replies":[{"embeddable":true,"href":"https:\/\/magicienpro-paris.com\/index.php?rest_route=%2Fwp%2Fv2%2Fcomments&post=1022"}],"version-history":[{"count":12,"href":"https:\/\/magicienpro-paris.com\/index.php?rest_route=\/wp\/v2\/posts\/1022\/revisions"}],"predecessor-version":[{"id":1063,"href":"https:\/\/magicienpro-paris.com\/index.php?rest_route=\/wp\/v2\/posts\/1022\/revisions\/1063"}],"wp:featuredmedia":[{"embeddable":true,"href":"https:\/\/magicienpro-paris.com\/index.php?rest_route=\/wp\/v2\/media\/607"}],"wp:attachment":[{"href":"https:\/\/magicienpro-paris.com\/index.php?rest_route=%2Fwp%2Fv2%2Fmedia&parent=1022"}],"wp:term":[{"taxonomy":"category","embeddable":true,"href":"https:\/\/magicienpro-paris.com\/index.php?rest_route=%2Fwp%2Fv2%2Fcategories&post=1022"},{"taxonomy":"post_tag","embeddable":true,"href":"https:\/\/magicienpro-paris.com\/index.php?rest_route=%2Fwp%2Fv2%2Ftags&post=1022"}],"curies":[{"name":"wp","href":"https:\/\/api.w.org\/{rel}","templated":true}]}}