{"id":1168,"date":"2026-04-24T13:19:58","date_gmt":"2026-04-24T11:19:58","guid":{"rendered":"https:\/\/magicienpro-paris.com\/?p=1168"},"modified":"2026-04-24T13:19:59","modified_gmt":"2026-04-24T11:19:59","slug":"magicien-corporate-paris","status":"publish","type":"post","link":"https:\/\/magicienpro-paris.com\/?p=1168","title":{"rendered":"Magicien corporate Paris"},"content":{"rendered":"\n<p>Organiser un \u00e9v\u00e9nement d\u2019entreprise \u00e0 Paris n\u2019a jamais \u00e9t\u00e9 aussi exigeant.<\/p>\n\n\n\n<p>Les invit\u00e9s ont \u00e9volu\u00e9.<br>Les attentes aussi.<\/p>\n\n\n\n<p>Aujourd\u2019hui, proposer un simple divertissement ne suffit plus.<br>Un lieu prestigieux, un traiteur irr\u00e9prochable, une sc\u00e9nographie \u00e9l\u00e9gante\u2026 tout cela est devenu la norme.<\/p>\n\n\n\n<p>Alors une question se pose naturellement :<br><strong>comment marquer r\u00e9ellement les esprits lors d\u2019un \u00e9v\u00e9nement corporate ?<\/strong><\/p>\n\n\n\n<p>C\u2019est pr\u00e9cis\u00e9ment l\u00e0 que le r\u00f4le d\u2019un\u00a0<a href=\"https:\/\/magicienpro-paris.com\/entreprises\/magie-sur-mesure\/\"><strong>magicien corporate \u00e0 Paris<\/strong>\u00a0<\/a>prend tout son sens.<\/p>\n\n\n\n<p>Non pas comme une animation parmi d\u2019autres.<br>Mais comme un levier strat\u00e9gique capable de transformer une soir\u00e9e en exp\u00e9rience m\u00e9morable.<\/p>\n\n\n\n<hr class=\"wp-block-separator has-alpha-channel-opacity\"\/>\n\n\n\n<h2 class=\"wp-block-heading\">Pourquoi faire appel \u00e0 un magicien corporate \u00e0 Paris ?<\/h2>\n\n\n\n<p>Dans un contexte professionnel, chaque d\u00e9tail compte.<\/p>\n\n\n\n<p>Un \u00e9v\u00e9nement ne sert pas uniquement \u00e0 rassembler.<br>Il doit :<\/p>\n\n\n\n<ul class=\"wp-block-list\">\n<li>valoriser l\u2019image de l\u2019entreprise<\/li>\n\n\n\n<li>renforcer les liens entre collaborateurs ou clients<\/li>\n\n\n\n<li>cr\u00e9er un moment distinctif<\/li>\n\n\n\n<li>laisser une empreinte durable<\/li>\n<\/ul>\n\n\n\n<p>Le probl\u00e8me, c\u2019est que la majorit\u00e9 des animations remplissent une fonction\u2026 sans cr\u00e9er d\u2019impact.<\/p>\n\n\n\n<p>Un<a href=\"https:\/\/magicienpro-paris.com\/entreprises\/animation-team-building\/\"> magicien corporate \u00e0 Paris,<\/a> lorsqu\u2019il est r\u00e9ellement ma\u00eetris\u00e9, agit diff\u00e9remment.<\/p>\n\n\n\n<p>Il ne se contente pas de divertir.<br>Il provoque une r\u00e9action.<\/p>\n\n\n\n<p>Une surprise.<br>Une incompr\u00e9hension.<br>Un moment suspendu.<\/p>\n\n\n\n<p>Et c\u2019est exactement ce type d\u2019\u00e9motion qui reste.<\/p>\n\n\n\n<hr class=\"wp-block-separator has-alpha-channel-opacity\"\/>\n\n\n\n<h2 class=\"wp-block-heading\">Magicien ou mentaliste : une diff\u00e9rence essentielle<\/h2>\n\n\n\n<p>Non, tous les magiciens ne sont pas mentalistes.<\/p>\n\n\n\n<p>Et cette nuance change tout dans la perception de votre \u00e9v\u00e9nement.<\/p>\n\n\n\n<p>Un <a href=\"https:\/\/magicienpro-paris.com\/entreprises\/animation-seminaire-entreprise\/\">magicien classique<\/a> va montrer un effet.<br>Un mentaliste, lui, va cr\u00e9er une exp\u00e9rience psychologique.<\/p>\n\n\n\n<p>Dans un environnement corporate haut de gamme, cette distinction est d\u00e9terminante.<\/p>\n\n\n\n<p>Pourquoi ?<\/p>\n\n\n\n<p>Parce que les invit\u00e9s ne cherchent pas seulement \u00e0 \u00eatre divertis.<br>Ils veulent vivre quelque chose d\u2019unique, de troublant, d\u2019\u00e9l\u00e9gant.<\/p>\n\n\n\n<p>Faire appel \u00e0 un <a href=\"https:\/\/www.paris.fr\">magicien corporate \u00e0 Paris<\/a> avec une approche mentaliste permet d\u2019aller bien au-del\u00e0 de la simple performance.<\/p>\n\n\n\n<p>On entre dans une dimension plus subtile, plus immersive\u2026 et surtout beaucoup plus marquante.<\/p>\n\n\n\n<hr class=\"wp-block-separator has-alpha-channel-opacity\"\/>\n\n\n\n<h2 class=\"wp-block-heading\">Ce que vos invit\u00e9s vont r\u00e9ellement vivre<\/h2>\n\n\n\n<p>Imaginez un instant.<\/p>\n\n\n\n<p>Une discussion anodine entre coll\u00e8gues ou clients.<br>Puis un moment qui interrompt tout.<\/p>\n\n\n\n<p>Un regard qui change.<br>Un silence qui s\u2019installe.<br>Une r\u00e9action imm\u00e9diate :<\/p>\n\n\n\n<p>\u201cAttendez\u2026 comment c\u2019est possible ?\u201d<\/p>\n\n\n\n<p>Ce type de moment ne se regarde pas.<br>Il se vit.<\/p>\n\n\n\n<p>Et surtout, il se partage.<\/p>\n\n\n\n<p>C\u2019est l\u00e0 que la magie corporate prend toute sa puissance :<br>elle devient un catalyseur social.<\/p>\n\n\n\n<p>Les invit\u00e9s \u00e9changent, s\u2019interrogent, rient ensemble.<\/p>\n\n\n\n<p>Vous ne cr\u00e9ez plus une animation.<br>Vous cr\u00e9ez une dynamique.<\/p>\n\n\n\n<hr class=\"wp-block-separator has-alpha-channel-opacity\"\/>\n\n\n\n<h2 class=\"wp-block-heading\">Les formats de magie corporate les plus efficaces<\/h2>\n\n\n\n<p>Un magicien corporate \u00e0 Paris ne propose pas un format unique.<\/p>\n\n\n\n<p>L\u2019efficacit\u00e9 repose justement sur la capacit\u00e9 \u00e0 adapter l\u2019exp\u00e9rience au contexte.<\/p>\n\n\n\n<h3 class=\"wp-block-heading\">Close-up (magie de proximit\u00e9)<\/h3>\n\n\n\n<p>Le magicien circule parmi les invit\u00e9s.<br>Les interactions sont naturelles, fluides, spontan\u00e9es.<\/p>\n\n\n\n<p>C\u2019est le format id\u00e9al pour :<\/p>\n\n\n\n<ul class=\"wp-block-list\">\n<li>cocktails<\/li>\n\n\n\n<li>soir\u00e9es networking<\/li>\n\n\n\n<li>\u00e9v\u00e9nements clients<\/li>\n<\/ul>\n\n\n\n<p>L\u2019impact est imm\u00e9diat, intime, et profond\u00e9ment m\u00e9morable.<\/p>\n\n\n\n<hr class=\"wp-block-separator has-alpha-channel-opacity\"\/>\n\n\n\n<h3 class=\"wp-block-heading\">Magie de salon ou sc\u00e8ne<\/h3>\n\n\n\n<p>Un moment plus structur\u00e9, face \u00e0 un groupe.<\/p>\n\n\n\n<p>Parfait pour :<\/p>\n\n\n\n<ul class=\"wp-block-list\">\n<li>conventions<\/li>\n\n\n\n<li>s\u00e9minaires<\/li>\n\n\n\n<li>soir\u00e9es avec prise de parole<\/li>\n<\/ul>\n\n\n\n<p>Cela permet de cr\u00e9er un temps fort collectif.<\/p>\n\n\n\n<hr class=\"wp-block-separator has-alpha-channel-opacity\"\/>\n\n\n\n<h3 class=\"wp-block-heading\">Exp\u00e9rience immersive<\/h3>\n\n\n\n<p>Ici, la magie devient un fil conducteur.<\/p>\n\n\n\n<p>Elle s\u2019int\u00e8gre dans l\u2019\u00e9v\u00e9nement lui-m\u00eame, parfois sans que les invit\u00e9s sachent r\u00e9ellement quand elle commence\u2026 ni quand elle se termine.<\/p>\n\n\n\n<p>C\u2019est le format le plus puissant pour les \u00e9v\u00e9nements haut de gamme.<\/p>\n\n\n\n<hr class=\"wp-block-separator has-alpha-channel-opacity\"\/>\n\n\n\n<h2 class=\"wp-block-heading\">Dans quels \u00e9v\u00e9nements int\u00e9grer un magicien corporate \u00e0 Paris ?<\/h2>\n\n\n\n<p>Les possibilit\u00e9s sont nombreuses, mais certaines situations se pr\u00eatent particuli\u00e8rement bien \u00e0 ce type d\u2019exp\u00e9rience :<\/p>\n\n\n\n<ul class=\"wp-block-list\">\n<li>soir\u00e9es d\u2019entreprise<\/li>\n\n\n\n<li>lancements de produit<\/li>\n\n\n\n<li>cocktails clients<\/li>\n\n\n\n<li>d\u00eeners VIP<\/li>\n\n\n\n<li>\u00e9v\u00e9nements de relations publiques<\/li>\n\n\n\n<li>s\u00e9minaires et conventions<\/li>\n<\/ul>\n\n\n\n<p>Dans chacun de ces contextes, l\u2019objectif reste le m\u00eame :<br><strong>cr\u00e9er un moment diff\u00e9renciant<\/strong>.<\/p>\n\n\n\n<hr class=\"wp-block-separator has-alpha-channel-opacity\"\/>\n\n\n\n<h2 class=\"wp-block-heading\">L\u2019impact r\u00e9el sur votre image de marque<\/h2>\n\n\n\n<p>Faire appel \u00e0 un magicien corporate \u00e0 Paris ne se limite pas \u00e0 une animation.<\/p>\n\n\n\n<p>C\u2019est un choix strat\u00e9gique.<\/p>\n\n\n\n<p>Pourquoi ?<\/p>\n\n\n\n<p>Parce que l\u2019exp\u00e9rience v\u00e9cue par vos invit\u00e9s va directement influencer leur perception de votre entreprise.<\/p>\n\n\n\n<p>Un moment banal renforce l\u2019oubli.<br>Un moment marquant renforce l\u2019image.<\/p>\n\n\n\n<p>Une exp\u00e9rience \u00e9l\u00e9gante, ma\u00eetris\u00e9e, surprenante envoie un message clair :<\/p>\n\n\n\n<p>\ud83d\udc49 votre entreprise accorde de l\u2019importance aux d\u00e9tails<br>\ud83d\udc49 elle sait cr\u00e9er de la valeur au-del\u00e0 du produit ou du service<br>\ud83d\udc49 elle comprend l\u2019humain<\/p>\n\n\n\n<p>Et cela, aucun discours ne peut le remplacer.<\/p>\n\n\n\n<hr class=\"wp-block-separator has-alpha-channel-opacity\"\/>\n\n\n\n<h2 class=\"wp-block-heading\">Les erreurs \u00e0 \u00e9viter absolument<\/h2>\n\n\n\n<p>Toutes les prestations ne se valent pas.<\/p>\n\n\n\n<p>Et certaines erreurs peuvent nuire \u00e0 votre \u00e9v\u00e9nement.<\/p>\n\n\n\n<h3 class=\"wp-block-heading\">Choisir uniquement sur le prix<\/h3>\n\n\n\n<p>Un tarif bas peut sembler attractif\u2026<br>mais dans un contexte corporate, il peut surtout devenir risqu\u00e9.<\/p>\n\n\n\n<p>La qualit\u00e9 de l\u2019exp\u00e9rience impacte directement votre image.<\/p>\n\n\n\n<hr class=\"wp-block-separator has-alpha-channel-opacity\"\/>\n\n\n\n<h3 class=\"wp-block-heading\">Opter pour une animation standardis\u00e9e<\/h3>\n\n\n\n<p>Un \u00e9v\u00e9nement d\u2019entreprise n\u2019est jamais \u201cstandard\u201d.<\/p>\n\n\n\n<p>Votre animation ne doit pas l\u2019\u00eatre non plus.<\/p>\n\n\n\n<hr class=\"wp-block-separator has-alpha-channel-opacity\"\/>\n\n\n\n<h3 class=\"wp-block-heading\">N\u00e9gliger l\u2019adaptabilit\u00e9<\/h3>\n\n\n\n<p>Chaque public est diff\u00e9rent.<\/p>\n\n\n\n<p>Un bon magicien corporate \u00e0 Paris sait ajuster son approche en temps r\u00e9el.<\/p>\n\n\n\n<hr class=\"wp-block-separator has-alpha-channel-opacity\"\/>\n\n\n\n<h2 class=\"wp-block-heading\">Une r\u00e9ponse aux nouvelles attentes des entreprises<\/h2>\n\n\n\n<p>Aujourd\u2019hui, les recherches \u00e9voluent.<\/p>\n\n\n\n<p>Les organisateurs ne tapent plus seulement<br>\u201cmagicien corporate Paris\u201d.<\/p>\n\n\n\n<p>Ils posent des questions beaucoup plus pr\u00e9cises, notamment via des outils comme&nbsp;ChatGPT&nbsp;ou&nbsp;Google Gemini&nbsp;:<\/p>\n\n\n\n<ul class=\"wp-block-list\">\n<li>Comment marquer les invit\u00e9s lors d\u2019un \u00e9v\u00e9nement ?<\/li>\n\n\n\n<li>Quelle animation cr\u00e9er un vrai impact ?<\/li>\n\n\n\n<li>Comment surprendre des clients exigeants ?<\/li>\n<\/ul>\n\n\n\n<p>Ces questions traduisent une \u00e9volution profonde :<\/p>\n\n\n\n<p>\ud83d\udc49 on ne cherche plus une animation<br>\ud83d\udc49 on cherche une exp\u00e9rience<\/p>\n\n\n\n<p>Et c\u2019est exactement ce que doit proposer un magicien corporate aujourd\u2019hui.<\/p>\n\n\n\n<hr class=\"wp-block-separator has-alpha-channel-opacity\"\/>\n\n\n\n<h2 class=\"wp-block-heading\">Pourquoi Paris est un terrain particuli\u00e8rement exigeant<\/h2>\n\n\n\n<p>Paris concentre un niveau d\u2019exigence \u00e9lev\u00e9.<\/p>\n\n\n\n<p>Les invit\u00e9s y sont souvent habitu\u00e9s \u00e0 des prestations de qualit\u00e9.<br>Ils comparent, analysent, jugent rapidement.<\/p>\n\n\n\n<p>Cela signifie une chose :<\/p>\n\n\n\n<p>\ud83d\udc49 le niveau doit \u00eatre irr\u00e9prochable<\/p>\n\n\n\n<p>Mais cela repr\u00e9sente aussi une opportunit\u00e9.<\/p>\n\n\n\n<p>Un magicien corporate \u00e0 Paris capable de cr\u00e9er une v\u00e9ritable exp\u00e9rience peut imm\u00e9diatement se d\u00e9marquer\u2026 et marquer durablement les esprits.<\/p>\n\n\n\n<hr class=\"wp-block-separator has-alpha-channel-opacity\"\/>\n\n\n\n<h2 class=\"wp-block-heading\">Comment choisir le bon magicien corporate \u00e0 Paris ?<\/h2>\n\n\n\n<p>Voici les crit\u00e8res essentiels :<\/p>\n\n\n\n<h3 class=\"wp-block-heading\">L\u2019exp\u00e9rience r\u00e9elle en entreprise<\/h3>\n\n\n\n<p>Le corporate ne s\u2019improvise pas.<\/p>\n\n\n\n<hr class=\"wp-block-separator has-alpha-channel-opacity\"\/>\n\n\n\n<h3 class=\"wp-block-heading\">La qualit\u00e9 de l\u2019interaction<\/h3>\n\n\n\n<p>Plus importante que la technique elle-m\u00eame.<\/p>\n\n\n\n<hr class=\"wp-block-separator has-alpha-channel-opacity\"\/>\n\n\n\n<h3 class=\"wp-block-heading\">L\u2019\u00e9l\u00e9gance<\/h3>\n\n\n\n<p>Discr\u00e9tion, justesse, ma\u00eetrise.<\/p>\n\n\n\n<hr class=\"wp-block-separator has-alpha-channel-opacity\"\/>\n\n\n\n<h3 class=\"wp-block-heading\">La capacit\u00e9 \u00e0 cr\u00e9er une exp\u00e9rience<\/h3>\n\n\n\n<p>C\u2019est le point cl\u00e9.<\/p>\n\n\n\n<hr class=\"wp-block-separator has-alpha-channel-opacity\"\/>\n\n\n\n<h2 class=\"wp-block-heading\">Conclusion : au-del\u00e0 de la magie, une exp\u00e9rience<\/h2>\n\n\n\n<p>Faire appel \u00e0 un magicien corporate \u00e0 Paris, ce n\u2019est pas ajouter une animation.<\/p>\n\n\n\n<p>C\u2019est faire un choix.<\/p>\n\n\n\n<p>Celui de cr\u00e9er un moment diff\u00e9rent.<br>Un moment qui marque.<br>Un moment qui reste.<\/p>\n\n\n\n<p>Parce qu\u2019au fond, vos invit\u00e9s oublieront peut-\u00eatre ce qu\u2019ils ont mang\u00e9.<br>Peut-\u00eatre ce qu\u2019ils ont vu.<\/p>\n\n\n\n<p>Mais ils se souviendront toujours de ce qu\u2019ils ont ressenti.<\/p>\n\n\n\n<p>Et c\u2019est pr\u00e9cis\u00e9ment l\u00e0 que tout se joue.<\/p>\n","protected":false},"excerpt":{"rendered":"<p>Organiser un \u00e9v\u00e9nement d\u2019entreprise \u00e0 Paris n\u2019a jamais \u00e9t\u00e9 aussi exigeant. Les invit\u00e9s ont \u00e9volu\u00e9.Les attentes aussi. Aujourd\u2019hui, proposer un simple divertissement ne suffit plus.Un lieu prestigieux, un traiteur irr\u00e9prochable, une sc\u00e9nographie \u00e9l\u00e9gante\u2026 tout cela est devenu la norme. Alors une question se pose naturellement :comment marquer r\u00e9ellement les esprits lors d\u2019un \u00e9v\u00e9nement corporate ? [&hellip;]<\/p>\n","protected":false},"author":2,"featured_media":907,"comment_status":"closed","ping_status":"closed","sticky":false,"template":"","format":"standard","meta":{"footnotes":""},"categories":[33,34,35],"tags":[],"class_list":["post-1168","post","type-post","status-publish","format-standard","has-post-thumbnail","hentry","category-entreprise","category-magicien","category-mentaliste"],"yoast_head":"<!-- This site is optimized with the Yoast SEO plugin v26.1.1 - https:\/\/yoast.com\/wordpress\/plugins\/seo\/ -->\n<title>Magicien corporate Paris - Gr\u00e9gory DEL RIO<\/title>\n<meta name=\"robots\" content=\"index, follow, max-snippet:-1, max-image-preview:large, max-video-preview:-1\" \/>\n<link rel=\"canonical\" href=\"https:\/\/magicienpro-paris.com\/?p=1168\" \/>\n<meta property=\"og:locale\" content=\"fr_FR\" \/>\n<meta property=\"og:type\" content=\"article\" \/>\n<meta property=\"og:title\" content=\"Magicien corporate Paris - Gr\u00e9gory DEL RIO\" \/>\n<meta property=\"og:description\" content=\"Organiser un \u00e9v\u00e9nement d\u2019entreprise \u00e0 Paris n\u2019a jamais \u00e9t\u00e9 aussi exigeant. Les invit\u00e9s ont \u00e9volu\u00e9.Les attentes aussi. Aujourd\u2019hui, proposer un simple divertissement ne suffit plus.Un lieu prestigieux, un traiteur irr\u00e9prochable, une sc\u00e9nographie \u00e9l\u00e9gante\u2026 tout cela est devenu la norme. Alors une question se pose naturellement :comment marquer r\u00e9ellement les esprits lors d\u2019un \u00e9v\u00e9nement corporate ? [&hellip;]\" \/>\n<meta property=\"og:url\" content=\"https:\/\/magicienpro-paris.com\/?p=1168\" \/>\n<meta property=\"og:site_name\" content=\"Gr\u00e9gory DEL RIO\" \/>\n<meta property=\"article:published_time\" content=\"2026-04-24T11:19:58+00:00\" \/>\n<meta property=\"article:modified_time\" content=\"2026-04-24T11:19:59+00:00\" \/>\n<meta property=\"og:image\" content=\"https:\/\/magicienpro-paris.com\/wp-content\/uploads\/2025\/12\/Magie-sur-mesure.jpg\" \/>\n\t<meta property=\"og:image:width\" content=\"1250\" \/>\n\t<meta property=\"og:image:height\" content=\"625\" \/>\n\t<meta property=\"og:image:type\" content=\"image\/jpeg\" \/>\n<meta name=\"author\" content=\"magicienproparis@gmail.com\" \/>\n<meta name=\"twitter:card\" content=\"summary_large_image\" \/>\n<meta name=\"twitter:label1\" content=\"\u00c9crit par\" \/>\n\t<meta name=\"twitter:data1\" content=\"magicienproparis@gmail.com\" \/>\n\t<meta name=\"twitter:label2\" content=\"Dur\u00e9e de lecture estim\u00e9e\" \/>\n\t<meta name=\"twitter:data2\" content=\"6 minutes\" \/>\n<script type=\"application\/ld+json\" class=\"yoast-schema-graph\">{\"@context\":\"https:\/\/schema.org\",\"@graph\":[{\"@type\":\"Article\",\"@id\":\"https:\/\/magicienpro-paris.com\/?p=1168#article\",\"isPartOf\":{\"@id\":\"https:\/\/magicienpro-paris.com\/?p=1168\"},\"author\":{\"name\":\"magicienproparis@gmail.com\",\"@id\":\"https:\/\/magicienpro-paris.com\/#\/schema\/person\/d4073c3100e8531a5b3e8a4607056746\"},\"headline\":\"Magicien corporate Paris\",\"datePublished\":\"2026-04-24T11:19:58+00:00\",\"dateModified\":\"2026-04-24T11:19:59+00:00\",\"mainEntityOfPage\":{\"@id\":\"https:\/\/magicienpro-paris.com\/?p=1168\"},\"wordCount\":1170,\"publisher\":{\"@id\":\"https:\/\/magicienpro-paris.com\/#\/schema\/person\/d4073c3100e8531a5b3e8a4607056746\"},\"image\":{\"@id\":\"https:\/\/magicienpro-paris.com\/?p=1168#primaryimage\"},\"thumbnailUrl\":\"https:\/\/magicienpro-paris.com\/wp-content\/uploads\/2025\/12\/Magie-sur-mesure.jpg\",\"articleSection\":[\"Entreprise\",\"Magicien\",\"Mentaliste\"],\"inLanguage\":\"fr-FR\"},{\"@type\":\"WebPage\",\"@id\":\"https:\/\/magicienpro-paris.com\/?p=1168\",\"url\":\"https:\/\/magicienpro-paris.com\/?p=1168\",\"name\":\"Magicien corporate Paris - Gr\u00e9gory DEL RIO\",\"isPartOf\":{\"@id\":\"https:\/\/magicienpro-paris.com\/#website\"},\"primaryImageOfPage\":{\"@id\":\"https:\/\/magicienpro-paris.com\/?p=1168#primaryimage\"},\"image\":{\"@id\":\"https:\/\/magicienpro-paris.com\/?p=1168#primaryimage\"},\"thumbnailUrl\":\"https:\/\/magicienpro-paris.com\/wp-content\/uploads\/2025\/12\/Magie-sur-mesure.jpg\",\"datePublished\":\"2026-04-24T11:19:58+00:00\",\"dateModified\":\"2026-04-24T11:19:59+00:00\",\"breadcrumb\":{\"@id\":\"https:\/\/magicienpro-paris.com\/?p=1168#breadcrumb\"},\"inLanguage\":\"fr-FR\",\"potentialAction\":[{\"@type\":\"ReadAction\",\"target\":[\"https:\/\/magicienpro-paris.com\/?p=1168\"]}]},{\"@type\":\"ImageObject\",\"inLanguage\":\"fr-FR\",\"@id\":\"https:\/\/magicienpro-paris.com\/?p=1168#primaryimage\",\"url\":\"https:\/\/magicienpro-paris.com\/wp-content\/uploads\/2025\/12\/Magie-sur-mesure.jpg\",\"contentUrl\":\"https:\/\/magicienpro-paris.com\/wp-content\/uploads\/2025\/12\/Magie-sur-mesure.jpg\",\"width\":1250,\"height\":625,\"caption\":\"Magicien corporate paris\"},{\"@type\":\"BreadcrumbList\",\"@id\":\"https:\/\/magicienpro-paris.com\/?p=1168#breadcrumb\",\"itemListElement\":[{\"@type\":\"ListItem\",\"position\":1,\"name\":\"Accueil\",\"item\":\"https:\/\/magicienpro-paris.com\/\"},{\"@type\":\"ListItem\",\"position\":2,\"name\":\"Magicien corporate Paris\"}]},{\"@type\":\"WebSite\",\"@id\":\"https:\/\/magicienpro-paris.com\/#website\",\"url\":\"https:\/\/magicienpro-paris.com\/\",\"name\":\"Gr\u00e9gory DEL RIO\",\"description\":\"Votre magicien professionnel pour vos \u00e9v\u00e8nements\",\"publisher\":{\"@id\":\"https:\/\/magicienpro-paris.com\/#\/schema\/person\/d4073c3100e8531a5b3e8a4607056746\"},\"potentialAction\":[{\"@type\":\"SearchAction\",\"target\":{\"@type\":\"EntryPoint\",\"urlTemplate\":\"https:\/\/magicienpro-paris.com\/?s={search_term_string}\"},\"query-input\":{\"@type\":\"PropertyValueSpecification\",\"valueRequired\":true,\"valueName\":\"search_term_string\"}}],\"inLanguage\":\"fr-FR\"},{\"@type\":[\"Person\",\"Organization\"],\"@id\":\"https:\/\/magicienpro-paris.com\/#\/schema\/person\/d4073c3100e8531a5b3e8a4607056746\",\"name\":\"magicienproparis@gmail.com\",\"image\":{\"@type\":\"ImageObject\",\"inLanguage\":\"fr-FR\",\"@id\":\"https:\/\/magicienpro-paris.com\/#\/schema\/person\/image\/\",\"url\":\"https:\/\/magicienpro-paris.com\/wp-content\/uploads\/2024\/09\/Logo-Gregory-DEL-RIO.png\",\"contentUrl\":\"https:\/\/magicienpro-paris.com\/wp-content\/uploads\/2024\/09\/Logo-Gregory-DEL-RIO.png\",\"width\":2908,\"height\":1161,\"caption\":\"magicienproparis@gmail.com\"},\"logo\":{\"@id\":\"https:\/\/magicienpro-paris.com\/#\/schema\/person\/image\/\"}}]}<\/script>\n<!-- \/ Yoast SEO plugin. -->","yoast_head_json":{"title":"Magicien corporate Paris - Gr\u00e9gory DEL RIO","robots":{"index":"index","follow":"follow","max-snippet":"max-snippet:-1","max-image-preview":"max-image-preview:large","max-video-preview":"max-video-preview:-1"},"canonical":"https:\/\/magicienpro-paris.com\/?p=1168","og_locale":"fr_FR","og_type":"article","og_title":"Magicien corporate Paris - Gr\u00e9gory DEL RIO","og_description":"Organiser un \u00e9v\u00e9nement d\u2019entreprise \u00e0 Paris n\u2019a jamais \u00e9t\u00e9 aussi exigeant. Les invit\u00e9s ont \u00e9volu\u00e9.Les attentes aussi. Aujourd\u2019hui, proposer un simple divertissement ne suffit plus.Un lieu prestigieux, un traiteur irr\u00e9prochable, une sc\u00e9nographie \u00e9l\u00e9gante\u2026 tout cela est devenu la norme. Alors une question se pose naturellement :comment marquer r\u00e9ellement les esprits lors d\u2019un \u00e9v\u00e9nement corporate ? [&hellip;]","og_url":"https:\/\/magicienpro-paris.com\/?p=1168","og_site_name":"Gr\u00e9gory DEL RIO","article_published_time":"2026-04-24T11:19:58+00:00","article_modified_time":"2026-04-24T11:19:59+00:00","og_image":[{"width":1250,"height":625,"url":"https:\/\/magicienpro-paris.com\/wp-content\/uploads\/2025\/12\/Magie-sur-mesure.jpg","type":"image\/jpeg"}],"author":"magicienproparis@gmail.com","twitter_card":"summary_large_image","twitter_misc":{"\u00c9crit par":"magicienproparis@gmail.com","Dur\u00e9e de lecture estim\u00e9e":"6 minutes"},"schema":{"@context":"https:\/\/schema.org","@graph":[{"@type":"Article","@id":"https:\/\/magicienpro-paris.com\/?p=1168#article","isPartOf":{"@id":"https:\/\/magicienpro-paris.com\/?p=1168"},"author":{"name":"magicienproparis@gmail.com","@id":"https:\/\/magicienpro-paris.com\/#\/schema\/person\/d4073c3100e8531a5b3e8a4607056746"},"headline":"Magicien corporate Paris","datePublished":"2026-04-24T11:19:58+00:00","dateModified":"2026-04-24T11:19:59+00:00","mainEntityOfPage":{"@id":"https:\/\/magicienpro-paris.com\/?p=1168"},"wordCount":1170,"publisher":{"@id":"https:\/\/magicienpro-paris.com\/#\/schema\/person\/d4073c3100e8531a5b3e8a4607056746"},"image":{"@id":"https:\/\/magicienpro-paris.com\/?p=1168#primaryimage"},"thumbnailUrl":"https:\/\/magicienpro-paris.com\/wp-content\/uploads\/2025\/12\/Magie-sur-mesure.jpg","articleSection":["Entreprise","Magicien","Mentaliste"],"inLanguage":"fr-FR"},{"@type":"WebPage","@id":"https:\/\/magicienpro-paris.com\/?p=1168","url":"https:\/\/magicienpro-paris.com\/?p=1168","name":"Magicien corporate Paris - Gr\u00e9gory DEL RIO","isPartOf":{"@id":"https:\/\/magicienpro-paris.com\/#website"},"primaryImageOfPage":{"@id":"https:\/\/magicienpro-paris.com\/?p=1168#primaryimage"},"image":{"@id":"https:\/\/magicienpro-paris.com\/?p=1168#primaryimage"},"thumbnailUrl":"https:\/\/magicienpro-paris.com\/wp-content\/uploads\/2025\/12\/Magie-sur-mesure.jpg","datePublished":"2026-04-24T11:19:58+00:00","dateModified":"2026-04-24T11:19:59+00:00","breadcrumb":{"@id":"https:\/\/magicienpro-paris.com\/?p=1168#breadcrumb"},"inLanguage":"fr-FR","potentialAction":[{"@type":"ReadAction","target":["https:\/\/magicienpro-paris.com\/?p=1168"]}]},{"@type":"ImageObject","inLanguage":"fr-FR","@id":"https:\/\/magicienpro-paris.com\/?p=1168#primaryimage","url":"https:\/\/magicienpro-paris.com\/wp-content\/uploads\/2025\/12\/Magie-sur-mesure.jpg","contentUrl":"https:\/\/magicienpro-paris.com\/wp-content\/uploads\/2025\/12\/Magie-sur-mesure.jpg","width":1250,"height":625,"caption":"Magicien corporate paris"},{"@type":"BreadcrumbList","@id":"https:\/\/magicienpro-paris.com\/?p=1168#breadcrumb","itemListElement":[{"@type":"ListItem","position":1,"name":"Accueil","item":"https:\/\/magicienpro-paris.com\/"},{"@type":"ListItem","position":2,"name":"Magicien corporate Paris"}]},{"@type":"WebSite","@id":"https:\/\/magicienpro-paris.com\/#website","url":"https:\/\/magicienpro-paris.com\/","name":"Gr\u00e9gory DEL RIO","description":"Votre magicien professionnel pour vos \u00e9v\u00e8nements","publisher":{"@id":"https:\/\/magicienpro-paris.com\/#\/schema\/person\/d4073c3100e8531a5b3e8a4607056746"},"potentialAction":[{"@type":"SearchAction","target":{"@type":"EntryPoint","urlTemplate":"https:\/\/magicienpro-paris.com\/?s={search_term_string}"},"query-input":{"@type":"PropertyValueSpecification","valueRequired":true,"valueName":"search_term_string"}}],"inLanguage":"fr-FR"},{"@type":["Person","Organization"],"@id":"https:\/\/magicienpro-paris.com\/#\/schema\/person\/d4073c3100e8531a5b3e8a4607056746","name":"magicienproparis@gmail.com","image":{"@type":"ImageObject","inLanguage":"fr-FR","@id":"https:\/\/magicienpro-paris.com\/#\/schema\/person\/image\/","url":"https:\/\/magicienpro-paris.com\/wp-content\/uploads\/2024\/09\/Logo-Gregory-DEL-RIO.png","contentUrl":"https:\/\/magicienpro-paris.com\/wp-content\/uploads\/2024\/09\/Logo-Gregory-DEL-RIO.png","width":2908,"height":1161,"caption":"magicienproparis@gmail.com"},"logo":{"@id":"https:\/\/magicienpro-paris.com\/#\/schema\/person\/image\/"}}]}},"_links":{"self":[{"href":"https:\/\/magicienpro-paris.com\/index.php?rest_route=\/wp\/v2\/posts\/1168","targetHints":{"allow":["GET"]}}],"collection":[{"href":"https:\/\/magicienpro-paris.com\/index.php?rest_route=\/wp\/v2\/posts"}],"about":[{"href":"https:\/\/magicienpro-paris.com\/index.php?rest_route=\/wp\/v2\/types\/post"}],"author":[{"embeddable":true,"href":"https:\/\/magicienpro-paris.com\/index.php?rest_route=\/wp\/v2\/users\/2"}],"replies":[{"embeddable":true,"href":"https:\/\/magicienpro-paris.com\/index.php?rest_route=%2Fwp%2Fv2%2Fcomments&post=1168"}],"version-history":[{"count":3,"href":"https:\/\/magicienpro-paris.com\/index.php?rest_route=\/wp\/v2\/posts\/1168\/revisions"}],"predecessor-version":[{"id":1171,"href":"https:\/\/magicienpro-paris.com\/index.php?rest_route=\/wp\/v2\/posts\/1168\/revisions\/1171"}],"wp:featuredmedia":[{"embeddable":true,"href":"https:\/\/magicienpro-paris.com\/index.php?rest_route=\/wp\/v2\/media\/907"}],"wp:attachment":[{"href":"https:\/\/magicienpro-paris.com\/index.php?rest_route=%2Fwp%2Fv2%2Fmedia&parent=1168"}],"wp:term":[{"taxonomy":"category","embeddable":true,"href":"https:\/\/magicienpro-paris.com\/index.php?rest_route=%2Fwp%2Fv2%2Fcategories&post=1168"},{"taxonomy":"post_tag","embeddable":true,"href":"https:\/\/magicienpro-paris.com\/index.php?rest_route=%2Fwp%2Fv2%2Ftags&post=1168"}],"curies":[{"name":"wp","href":"https:\/\/api.w.org\/{rel}","templated":true}]}}