{"id":304,"date":"2024-01-10T09:02:13","date_gmt":"2024-01-10T08:02:13","guid":{"rendered":"https:\/\/magicienpro-paris.com\/?p=304"},"modified":"2024-01-10T09:02:13","modified_gmt":"2024-01-10T08:02:13","slug":"magicien-pour-mariage-en-ile-de-france","status":"publish","type":"post","link":"https:\/\/magicienpro-paris.com\/?p=304","title":{"rendered":"Magicien pour mariage en \u00cele-de-France"},"content":{"rendered":"\n<p>\u00c0 la recherche d&#8217;une touche unique et magique pour rendre votre mariage \u00e0 Issy Les Moulineaux encore plus sp\u00e9cial ? Optez pour notre incroyable spectacle de mentalisme en close-up qui \u00e9merveillera vos invit\u00e9s et ajoutera une dose de myst\u00e8re \u00e0 votre grand jour ! Gr\u00e9gory DEL RIO, magicien close up et mentaliste close up sera ce soir \u00e0 Issy Les Moulineaux pour sublimer un magnifique mariage.<\/p>\n\n\n\n<p><strong>Pourquoi choisir notre spectacle de mentalisme en close-up pour votre mariage :<\/strong><\/p>\n\n\n\n<ol class=\"wp-block-list\">\n<li><strong>Exp\u00e9rience Intime :<\/strong> Offrez \u00e0 vos invit\u00e9s une exp\u00e9rience de mentalisme immersive et personnelle gr\u00e2ce \u00e0 des performances en close-up. Notre mentaliste Gr\u00e9gory DEL RIO circulera parmi les convives, cr\u00e9ant des moments magiques \u00e0 quelques centim\u00e8tres de leurs yeux \u00e9bahis.<\/li>\n\n\n\n<li><strong>Exp\u00e9rience Intime :<\/strong> Offrez \u00e0 vos invit\u00e9s une exp\u00e9rience de mentalisme immersive et personnelle gr\u00e2ce \u00e0 des performances en close-up. Notre mentaliste Gr\u00e9gory DEL RIO circulera parmi les convives, cr\u00e9ant des moments magiques \u00e0 quelques centim\u00e8tres de leurs yeux \u00e9bahis.<\/li>\n\n\n\n<li><strong>Souvenirs Inoubliables :<\/strong> Le spectacle de mentalisme en close-up cr\u00e9e des souvenirs durables et favorise une atmosph\u00e8re de fascination et de rires parmi vos proches. Les mariages sont des occasions sp\u00e9ciales, et notre mentaliste Gr\u00e9gory DEL RIO veillera \u00e0 ce que ce jour reste grav\u00e9 dans les m\u00e9moires.<\/li>\n<\/ol>\n\n\n\n<p>Apportez une touche de magie \u00e0 votre mariage avec notre animation de mentalisme en close-up. Faites de votre journ\u00e9e sp\u00e9ciale un \u00e9v\u00e9nement inoubliable pour tous vos invit\u00e9s.<\/p>\n","protected":false},"excerpt":{"rendered":"<p>\u00c0 la recherche d&#8217;une touche unique et magique pour rendre votre mariage \u00e0 Issy Les Moulineaux encore plus sp\u00e9cial ? Optez pour notre incroyable spectacle de mentalisme en close-up qui \u00e9merveillera vos invit\u00e9s et ajoutera une dose de myst\u00e8re \u00e0 votre grand jour ! Gr\u00e9gory DEL RIO, magicien close up et mentaliste close up sera [&hellip;]<\/p>\n","protected":false},"author":1,"featured_media":0,"comment_status":"closed","ping_status":"closed","sticky":false,"template":"","format":"standard","meta":{"footnotes":""},"categories":[1],"tags":[],"class_list":["post-304","post","type-post","status-publish","format-standard","hentry","category-sans-categorie"],"yoast_head":"<!-- This site is optimized with the Yoast SEO plugin v26.1.1 - https:\/\/yoast.com\/wordpress\/plugins\/seo\/ -->\n<title>Magicien pour mariage en \u00cele-de-France - Gr\u00e9gory DEL RIO<\/title>\n<meta name=\"robots\" content=\"index, follow, max-snippet:-1, max-image-preview:large, max-video-preview:-1\" \/>\n<link rel=\"canonical\" href=\"https:\/\/magicienpro-paris.com\/?p=304\" \/>\n<meta property=\"og:locale\" content=\"fr_FR\" \/>\n<meta property=\"og:type\" content=\"article\" \/>\n<meta property=\"og:title\" content=\"Magicien pour mariage en \u00cele-de-France - Gr\u00e9gory DEL RIO\" \/>\n<meta property=\"og:description\" content=\"\u00c0 la recherche d&#8217;une touche unique et magique pour rendre votre mariage \u00e0 Issy Les Moulineaux encore plus sp\u00e9cial ? Optez pour notre incroyable spectacle de mentalisme en close-up qui \u00e9merveillera vos invit\u00e9s et ajoutera une dose de myst\u00e8re \u00e0 votre grand jour ! Gr\u00e9gory DEL RIO, magicien close up et mentaliste close up sera [&hellip;]\" \/>\n<meta property=\"og:url\" content=\"https:\/\/magicienpro-paris.com\/?p=304\" \/>\n<meta property=\"og:site_name\" content=\"Gr\u00e9gory DEL RIO\" \/>\n<meta property=\"article:published_time\" content=\"2024-01-10T08:02:13+00:00\" \/>\n<meta property=\"og:image\" content=\"https:\/\/magicienpro-paris.com\/wp-content\/uploads\/2024\/09\/IMG_2434.jpg\" \/>\n\t<meta property=\"og:image:width\" content=\"2048\" \/>\n\t<meta property=\"og:image:height\" content=\"1367\" \/>\n\t<meta property=\"og:image:type\" content=\"image\/jpeg\" \/>\n<meta name=\"author\" content=\"admin\" \/>\n<meta name=\"twitter:card\" content=\"summary_large_image\" \/>\n<meta name=\"twitter:label1\" content=\"\u00c9crit par\" \/>\n\t<meta name=\"twitter:data1\" content=\"admin\" \/>\n\t<meta name=\"twitter:label2\" content=\"Dur\u00e9e de lecture estim\u00e9e\" \/>\n\t<meta name=\"twitter:data2\" content=\"1 minute\" \/>\n<script type=\"application\/ld+json\" class=\"yoast-schema-graph\">{\"@context\":\"https:\/\/schema.org\",\"@graph\":[{\"@type\":\"Article\",\"@id\":\"https:\/\/magicienpro-paris.com\/?p=304#article\",\"isPartOf\":{\"@id\":\"https:\/\/magicienpro-paris.com\/?p=304\"},\"author\":{\"name\":\"admin\",\"@id\":\"https:\/\/magicienpro-paris.com\/#\/schema\/person\/8ce90070d156b61675fa89c05b204f0e\"},\"headline\":\"Magicien pour mariage en \u00cele-de-France\",\"datePublished\":\"2024-01-10T08:02:13+00:00\",\"mainEntityOfPage\":{\"@id\":\"https:\/\/magicienpro-paris.com\/?p=304\"},\"wordCount\":248,\"publisher\":{\"@id\":\"https:\/\/magicienpro-paris.com\/#\/schema\/person\/d4073c3100e8531a5b3e8a4607056746\"},\"articleSection\":[\"Sans cat\u00e9gorie\"],\"inLanguage\":\"fr-FR\"},{\"@type\":\"WebPage\",\"@id\":\"https:\/\/magicienpro-paris.com\/?p=304\",\"url\":\"https:\/\/magicienpro-paris.com\/?p=304\",\"name\":\"Magicien pour mariage en \u00cele-de-France - Gr\u00e9gory DEL RIO\",\"isPartOf\":{\"@id\":\"https:\/\/magicienpro-paris.com\/#website\"},\"datePublished\":\"2024-01-10T08:02:13+00:00\",\"breadcrumb\":{\"@id\":\"https:\/\/magicienpro-paris.com\/?p=304#breadcrumb\"},\"inLanguage\":\"fr-FR\",\"potentialAction\":[{\"@type\":\"ReadAction\",\"target\":[\"https:\/\/magicienpro-paris.com\/?p=304\"]}]},{\"@type\":\"BreadcrumbList\",\"@id\":\"https:\/\/magicienpro-paris.com\/?p=304#breadcrumb\",\"itemListElement\":[{\"@type\":\"ListItem\",\"position\":1,\"name\":\"Accueil\",\"item\":\"https:\/\/magicienpro-paris.com\/\"},{\"@type\":\"ListItem\",\"position\":2,\"name\":\"Magicien pour mariage en \u00cele-de-France\"}]},{\"@type\":\"WebSite\",\"@id\":\"https:\/\/magicienpro-paris.com\/#website\",\"url\":\"https:\/\/magicienpro-paris.com\/\",\"name\":\"Gr\u00e9gory DEL RIO\",\"description\":\"Votre magicien professionnel pour vos \u00e9v\u00e8nements\",\"publisher\":{\"@id\":\"https:\/\/magicienpro-paris.com\/#\/schema\/person\/d4073c3100e8531a5b3e8a4607056746\"},\"potentialAction\":[{\"@type\":\"SearchAction\",\"target\":{\"@type\":\"EntryPoint\",\"urlTemplate\":\"https:\/\/magicienpro-paris.com\/?s={search_term_string}\"},\"query-input\":{\"@type\":\"PropertyValueSpecification\",\"valueRequired\":true,\"valueName\":\"search_term_string\"}}],\"inLanguage\":\"fr-FR\"},{\"@type\":[\"Person\",\"Organization\"],\"@id\":\"https:\/\/magicienpro-paris.com\/#\/schema\/person\/d4073c3100e8531a5b3e8a4607056746\",\"name\":\"magicienproparis@gmail.com\",\"image\":{\"@type\":\"ImageObject\",\"inLanguage\":\"fr-FR\",\"@id\":\"https:\/\/magicienpro-paris.com\/#\/schema\/person\/image\/\",\"url\":\"https:\/\/magicienpro-paris.com\/wp-content\/uploads\/2024\/09\/Logo-Gregory-DEL-RIO.png\",\"contentUrl\":\"https:\/\/magicienpro-paris.com\/wp-content\/uploads\/2024\/09\/Logo-Gregory-DEL-RIO.png\",\"width\":2908,\"height\":1161,\"caption\":\"magicienproparis@gmail.com\"},\"logo\":{\"@id\":\"https:\/\/magicienpro-paris.com\/#\/schema\/person\/image\/\"}},{\"@type\":\"Person\",\"@id\":\"https:\/\/magicienpro-paris.com\/#\/schema\/person\/8ce90070d156b61675fa89c05b204f0e\",\"name\":\"admin\",\"image\":{\"@type\":\"ImageObject\",\"inLanguage\":\"fr-FR\",\"@id\":\"https:\/\/magicienpro-paris.com\/#\/schema\/person\/image\/\",\"url\":\"https:\/\/magicienpro-paris.com\/wp-content\/litespeed\/avatar\/6337c726d188d95cccc98a98044a8aea.jpg?ver=1777400806\",\"contentUrl\":\"https:\/\/magicienpro-paris.com\/wp-content\/litespeed\/avatar\/6337c726d188d95cccc98a98044a8aea.jpg?ver=1777400806\",\"caption\":\"admin\"},\"sameAs\":[\"https:\/\/magicienpro-paris.com\"]}]}<\/script>\n<!-- \/ Yoast SEO plugin. -->","yoast_head_json":{"title":"Magicien pour mariage en \u00cele-de-France - Gr\u00e9gory DEL RIO","robots":{"index":"index","follow":"follow","max-snippet":"max-snippet:-1","max-image-preview":"max-image-preview:large","max-video-preview":"max-video-preview:-1"},"canonical":"https:\/\/magicienpro-paris.com\/?p=304","og_locale":"fr_FR","og_type":"article","og_title":"Magicien pour mariage en \u00cele-de-France - Gr\u00e9gory DEL RIO","og_description":"\u00c0 la recherche d&#8217;une touche unique et magique pour rendre votre mariage \u00e0 Issy Les Moulineaux encore plus sp\u00e9cial ? Optez pour notre incroyable spectacle de mentalisme en close-up qui \u00e9merveillera vos invit\u00e9s et ajoutera une dose de myst\u00e8re \u00e0 votre grand jour ! Gr\u00e9gory DEL RIO, magicien close up et mentaliste close up sera [&hellip;]","og_url":"https:\/\/magicienpro-paris.com\/?p=304","og_site_name":"Gr\u00e9gory DEL RIO","article_published_time":"2024-01-10T08:02:13+00:00","og_image":[{"width":2048,"height":1367,"url":"https:\/\/magicienpro-paris.com\/wp-content\/uploads\/2024\/09\/IMG_2434.jpg","type":"image\/jpeg"}],"author":"admin","twitter_card":"summary_large_image","twitter_misc":{"\u00c9crit par":"admin","Dur\u00e9e de lecture estim\u00e9e":"1 minute"},"schema":{"@context":"https:\/\/schema.org","@graph":[{"@type":"Article","@id":"https:\/\/magicienpro-paris.com\/?p=304#article","isPartOf":{"@id":"https:\/\/magicienpro-paris.com\/?p=304"},"author":{"name":"admin","@id":"https:\/\/magicienpro-paris.com\/#\/schema\/person\/8ce90070d156b61675fa89c05b204f0e"},"headline":"Magicien pour mariage en \u00cele-de-France","datePublished":"2024-01-10T08:02:13+00:00","mainEntityOfPage":{"@id":"https:\/\/magicienpro-paris.com\/?p=304"},"wordCount":248,"publisher":{"@id":"https:\/\/magicienpro-paris.com\/#\/schema\/person\/d4073c3100e8531a5b3e8a4607056746"},"articleSection":["Sans cat\u00e9gorie"],"inLanguage":"fr-FR"},{"@type":"WebPage","@id":"https:\/\/magicienpro-paris.com\/?p=304","url":"https:\/\/magicienpro-paris.com\/?p=304","name":"Magicien pour mariage en \u00cele-de-France - Gr\u00e9gory DEL RIO","isPartOf":{"@id":"https:\/\/magicienpro-paris.com\/#website"},"datePublished":"2024-01-10T08:02:13+00:00","breadcrumb":{"@id":"https:\/\/magicienpro-paris.com\/?p=304#breadcrumb"},"inLanguage":"fr-FR","potentialAction":[{"@type":"ReadAction","target":["https:\/\/magicienpro-paris.com\/?p=304"]}]},{"@type":"BreadcrumbList","@id":"https:\/\/magicienpro-paris.com\/?p=304#breadcrumb","itemListElement":[{"@type":"ListItem","position":1,"name":"Accueil","item":"https:\/\/magicienpro-paris.com\/"},{"@type":"ListItem","position":2,"name":"Magicien pour mariage en \u00cele-de-France"}]},{"@type":"WebSite","@id":"https:\/\/magicienpro-paris.com\/#website","url":"https:\/\/magicienpro-paris.com\/","name":"Gr\u00e9gory DEL RIO","description":"Votre magicien professionnel pour vos \u00e9v\u00e8nements","publisher":{"@id":"https:\/\/magicienpro-paris.com\/#\/schema\/person\/d4073c3100e8531a5b3e8a4607056746"},"potentialAction":[{"@type":"SearchAction","target":{"@type":"EntryPoint","urlTemplate":"https:\/\/magicienpro-paris.com\/?s={search_term_string}"},"query-input":{"@type":"PropertyValueSpecification","valueRequired":true,"valueName":"search_term_string"}}],"inLanguage":"fr-FR"},{"@type":["Person","Organization"],"@id":"https:\/\/magicienpro-paris.com\/#\/schema\/person\/d4073c3100e8531a5b3e8a4607056746","name":"magicienproparis@gmail.com","image":{"@type":"ImageObject","inLanguage":"fr-FR","@id":"https:\/\/magicienpro-paris.com\/#\/schema\/person\/image\/","url":"https:\/\/magicienpro-paris.com\/wp-content\/uploads\/2024\/09\/Logo-Gregory-DEL-RIO.png","contentUrl":"https:\/\/magicienpro-paris.com\/wp-content\/uploads\/2024\/09\/Logo-Gregory-DEL-RIO.png","width":2908,"height":1161,"caption":"magicienproparis@gmail.com"},"logo":{"@id":"https:\/\/magicienpro-paris.com\/#\/schema\/person\/image\/"}},{"@type":"Person","@id":"https:\/\/magicienpro-paris.com\/#\/schema\/person\/8ce90070d156b61675fa89c05b204f0e","name":"admin","image":{"@type":"ImageObject","inLanguage":"fr-FR","@id":"https:\/\/magicienpro-paris.com\/#\/schema\/person\/image\/","url":"https:\/\/magicienpro-paris.com\/wp-content\/litespeed\/avatar\/6337c726d188d95cccc98a98044a8aea.jpg?ver=1777400806","contentUrl":"https:\/\/magicienpro-paris.com\/wp-content\/litespeed\/avatar\/6337c726d188d95cccc98a98044a8aea.jpg?ver=1777400806","caption":"admin"},"sameAs":["https:\/\/magicienpro-paris.com"]}]}},"_links":{"self":[{"href":"https:\/\/magicienpro-paris.com\/index.php?rest_route=\/wp\/v2\/posts\/304","targetHints":{"allow":["GET"]}}],"collection":[{"href":"https:\/\/magicienpro-paris.com\/index.php?rest_route=\/wp\/v2\/posts"}],"about":[{"href":"https:\/\/magicienpro-paris.com\/index.php?rest_route=\/wp\/v2\/types\/post"}],"author":[{"embeddable":true,"href":"https:\/\/magicienpro-paris.com\/index.php?rest_route=\/wp\/v2\/users\/1"}],"replies":[{"embeddable":true,"href":"https:\/\/magicienpro-paris.com\/index.php?rest_route=%2Fwp%2Fv2%2Fcomments&post=304"}],"version-history":[{"count":1,"href":"https:\/\/magicienpro-paris.com\/index.php?rest_route=\/wp\/v2\/posts\/304\/revisions"}],"predecessor-version":[{"id":305,"href":"https:\/\/magicienpro-paris.com\/index.php?rest_route=\/wp\/v2\/posts\/304\/revisions\/305"}],"wp:attachment":[{"href":"https:\/\/magicienpro-paris.com\/index.php?rest_route=%2Fwp%2Fv2%2Fmedia&parent=304"}],"wp:term":[{"taxonomy":"category","embeddable":true,"href":"https:\/\/magicienpro-paris.com\/index.php?rest_route=%2Fwp%2Fv2%2Fcategories&post=304"},{"taxonomy":"post_tag","embeddable":true,"href":"https:\/\/magicienpro-paris.com\/index.php?rest_route=%2Fwp%2Fv2%2Ftags&post=304"}],"curies":[{"name":"wp","href":"https:\/\/api.w.org\/{rel}","templated":true}]}}