{"id":308,"date":"2024-01-12T09:08:23","date_gmt":"2024-01-12T08:08:23","guid":{"rendered":"https:\/\/magicienpro-paris.com\/?p=308"},"modified":"2024-01-10T09:11:30","modified_gmt":"2024-01-10T08:11:30","slug":"spectacle-de-mentalisme-en-ile-de-france","status":"publish","type":"post","link":"https:\/\/magicienpro-paris.com\/?p=308","title":{"rendered":"Spectacle de mentalisme en \u00cele-de-France"},"content":{"rendered":"\n<p>Plongez dans l&#8217;univers envo\u00fbtant du mentalisme et de l&#8217;hypnose \u00e0 Meaux ! Notre spectacle captivant allie l&#8217;art myst\u00e9rieux du mentalisme \u00e0 la fascination de l&#8217;hypnose pour une exp\u00e9rience unique qui \u00e9veillera votre curiosit\u00e9 et repoussera les limites de votre perception. Gr\u00e9gory DEL RIO, notre mentaliste et hypnotiseur de spectacle dans le 77 sera ce soir mentaliste pour une collectivit\u00e9 avec son spectacle de Mentalisme et d\u2019hypnose \u00e0 Meaux.<\/p>\n\n\n\n<p><strong>Pourquoi choisir notre spectacle de mentalisme et d&#8217;hypnose \u00e0 Meaux :<\/strong><\/p>\n\n\n\n<ol class=\"wp-block-list\">\n<li><strong>\u00c9merveillement Garanti :<\/strong> Laissez-vous transporter dans un monde de myst\u00e8re et d&#8217;intrigue. Nos artistes talentueux vous \u00e9blouiront avec des d\u00e9monstrations impressionnantes de t\u00e9l\u00e9pathie, de pr\u00e9dictions et d&#8217;autres prouesses mentales qui d\u00e9fient l\u2019entendement.<\/li>\n\n\n\n<li><strong style=\"font-family: wf_segoe-ui_normal, &quot;Segoe UI&quot;, &quot;Segoe WP&quot;, Tahoma, Arial, sans-serif, serif, EmojiFont; font-size: 16px; border: 0px solid rgb(217, 217, 227);\">Participation Active :<\/strong><span style=\"font-family: wf_segoe-ui_normal, &quot;Segoe UI&quot;, &quot;Segoe WP&quot;, Tahoma, Arial, sans-serif, serif, EmojiFont; font-size: 16px;\"> Vivez l&#8217;exp\u00e9rience de mani\u00e8re interactive en participant \u00e0 des d\u00e9monstrations fascinantes. Laissez-vous surprendre par des ph\u00e9nom\u00e8nes mentaux \u00e9tonnants et d\u00e9couvrez le pouvoir de l&#8217;hypnose de pr\u00e8s.<\/span><\/li>\n\n\n\n<li><strong>Adapt\u00e9 \u00e0 Tous les Publics :<\/strong> Que vous soyez un amateur de myst\u00e8re ou que vous cherchiez simplement une soir\u00e9e divertissante, notre spectacle de mentalisme et d&#8217;hypnose \u00e0 Meaux est con\u00e7u pour captiver un large public. Une exp\u00e9rience inoubliable pour tous les \u00e2ges.<\/li>\n<\/ol>\n\n\n\n<p>R\u00e9servez vos spectacles d\u00e8s maintenant et pr\u00e9parez-vous \u00e0 vivre une soir\u00e9e extraordinaire o\u00f9 l&#8217;impossible devient r\u00e9alit\u00e9. Notre spectacle de mentalisme et d&#8217;hypnose \u00e0 Meaux promet une exp\u00e9rience unique qui laissera une empreinte ind\u00e9l\u00e9bile dans votre m\u00e9moire.<\/p>\n\n\n\n<p>Ne manquez pas l&#8217;occasion d&#8217;explorer les myst\u00e8res de l&#8217;esprit humain. R\u00e9servez votre spectacle de mentalisme aujourd&#8217;hui et rejoignez-nous pour une soir\u00e9e magique \u00e0 Meaux !<\/p>\n","protected":false},"excerpt":{"rendered":"<p>Plongez dans l&#8217;univers envo\u00fbtant du mentalisme et de l&#8217;hypnose \u00e0 Meaux ! Notre spectacle captivant allie l&#8217;art myst\u00e9rieux du mentalisme \u00e0 la fascination de l&#8217;hypnose pour une exp\u00e9rience unique qui \u00e9veillera votre curiosit\u00e9 et repoussera les limites de votre perception. Gr\u00e9gory DEL RIO, notre mentaliste et hypnotiseur de spectacle dans le 77 sera ce soir [&hellip;]<\/p>\n","protected":false},"author":1,"featured_media":0,"comment_status":"closed","ping_status":"closed","sticky":false,"template":"","format":"standard","meta":{"footnotes":""},"categories":[1],"tags":[],"class_list":["post-308","post","type-post","status-publish","format-standard","hentry","category-sans-categorie"],"yoast_head":"<!-- This site is optimized with the Yoast SEO plugin v26.1.1 - https:\/\/yoast.com\/wordpress\/plugins\/seo\/ -->\n<title>Spectacle de mentalisme en \u00cele-de-France - Gr\u00e9gory DEL RIO<\/title>\n<meta name=\"robots\" content=\"index, follow, max-snippet:-1, max-image-preview:large, max-video-preview:-1\" \/>\n<link rel=\"canonical\" href=\"https:\/\/magicienpro-paris.com\/?p=308\" \/>\n<meta property=\"og:locale\" content=\"fr_FR\" \/>\n<meta property=\"og:type\" content=\"article\" \/>\n<meta property=\"og:title\" content=\"Spectacle de mentalisme en \u00cele-de-France - Gr\u00e9gory DEL RIO\" \/>\n<meta property=\"og:description\" content=\"Plongez dans l&#8217;univers envo\u00fbtant du mentalisme et de l&#8217;hypnose \u00e0 Meaux ! Notre spectacle captivant allie l&#8217;art myst\u00e9rieux du mentalisme \u00e0 la fascination de l&#8217;hypnose pour une exp\u00e9rience unique qui \u00e9veillera votre curiosit\u00e9 et repoussera les limites de votre perception. Gr\u00e9gory DEL RIO, notre mentaliste et hypnotiseur de spectacle dans le 77 sera ce soir [&hellip;]\" \/>\n<meta property=\"og:url\" content=\"https:\/\/magicienpro-paris.com\/?p=308\" \/>\n<meta property=\"og:site_name\" content=\"Gr\u00e9gory DEL RIO\" \/>\n<meta property=\"article:published_time\" content=\"2024-01-12T08:08:23+00:00\" \/>\n<meta property=\"og:image\" content=\"https:\/\/magicienpro-paris.com\/wp-content\/uploads\/2024\/09\/IMG_2434.jpg\" \/>\n\t<meta property=\"og:image:width\" content=\"2048\" \/>\n\t<meta property=\"og:image:height\" content=\"1367\" \/>\n\t<meta property=\"og:image:type\" content=\"image\/jpeg\" \/>\n<meta name=\"author\" content=\"admin\" \/>\n<meta name=\"twitter:card\" content=\"summary_large_image\" \/>\n<meta name=\"twitter:label1\" content=\"\u00c9crit par\" \/>\n\t<meta name=\"twitter:data1\" content=\"admin\" \/>\n\t<meta name=\"twitter:label2\" content=\"Dur\u00e9e de lecture estim\u00e9e\" \/>\n\t<meta name=\"twitter:data2\" content=\"1 minute\" \/>\n<script type=\"application\/ld+json\" class=\"yoast-schema-graph\">{\"@context\":\"https:\/\/schema.org\",\"@graph\":[{\"@type\":\"Article\",\"@id\":\"https:\/\/magicienpro-paris.com\/?p=308#article\",\"isPartOf\":{\"@id\":\"https:\/\/magicienpro-paris.com\/?p=308\"},\"author\":{\"name\":\"admin\",\"@id\":\"https:\/\/magicienpro-paris.com\/#\/schema\/person\/8ce90070d156b61675fa89c05b204f0e\"},\"headline\":\"Spectacle de mentalisme en \u00cele-de-France\",\"datePublished\":\"2024-01-12T08:08:23+00:00\",\"mainEntityOfPage\":{\"@id\":\"https:\/\/magicienpro-paris.com\/?p=308\"},\"wordCount\":283,\"publisher\":{\"@id\":\"https:\/\/magicienpro-paris.com\/#\/schema\/person\/d4073c3100e8531a5b3e8a4607056746\"},\"articleSection\":[\"Sans cat\u00e9gorie\"],\"inLanguage\":\"fr-FR\"},{\"@type\":\"WebPage\",\"@id\":\"https:\/\/magicienpro-paris.com\/?p=308\",\"url\":\"https:\/\/magicienpro-paris.com\/?p=308\",\"name\":\"Spectacle de mentalisme en \u00cele-de-France - Gr\u00e9gory DEL RIO\",\"isPartOf\":{\"@id\":\"https:\/\/magicienpro-paris.com\/#website\"},\"datePublished\":\"2024-01-12T08:08:23+00:00\",\"breadcrumb\":{\"@id\":\"https:\/\/magicienpro-paris.com\/?p=308#breadcrumb\"},\"inLanguage\":\"fr-FR\",\"potentialAction\":[{\"@type\":\"ReadAction\",\"target\":[\"https:\/\/magicienpro-paris.com\/?p=308\"]}]},{\"@type\":\"BreadcrumbList\",\"@id\":\"https:\/\/magicienpro-paris.com\/?p=308#breadcrumb\",\"itemListElement\":[{\"@type\":\"ListItem\",\"position\":1,\"name\":\"Accueil\",\"item\":\"https:\/\/magicienpro-paris.com\/\"},{\"@type\":\"ListItem\",\"position\":2,\"name\":\"Spectacle de mentalisme en \u00cele-de-France\"}]},{\"@type\":\"WebSite\",\"@id\":\"https:\/\/magicienpro-paris.com\/#website\",\"url\":\"https:\/\/magicienpro-paris.com\/\",\"name\":\"Gr\u00e9gory DEL RIO\",\"description\":\"Votre magicien professionnel pour vos \u00e9v\u00e8nements\",\"publisher\":{\"@id\":\"https:\/\/magicienpro-paris.com\/#\/schema\/person\/d4073c3100e8531a5b3e8a4607056746\"},\"potentialAction\":[{\"@type\":\"SearchAction\",\"target\":{\"@type\":\"EntryPoint\",\"urlTemplate\":\"https:\/\/magicienpro-paris.com\/?s={search_term_string}\"},\"query-input\":{\"@type\":\"PropertyValueSpecification\",\"valueRequired\":true,\"valueName\":\"search_term_string\"}}],\"inLanguage\":\"fr-FR\"},{\"@type\":[\"Person\",\"Organization\"],\"@id\":\"https:\/\/magicienpro-paris.com\/#\/schema\/person\/d4073c3100e8531a5b3e8a4607056746\",\"name\":\"magicienproparis@gmail.com\",\"image\":{\"@type\":\"ImageObject\",\"inLanguage\":\"fr-FR\",\"@id\":\"https:\/\/magicienpro-paris.com\/#\/schema\/person\/image\/\",\"url\":\"https:\/\/magicienpro-paris.com\/wp-content\/uploads\/2024\/09\/Logo-Gregory-DEL-RIO.png\",\"contentUrl\":\"https:\/\/magicienpro-paris.com\/wp-content\/uploads\/2024\/09\/Logo-Gregory-DEL-RIO.png\",\"width\":2908,\"height\":1161,\"caption\":\"magicienproparis@gmail.com\"},\"logo\":{\"@id\":\"https:\/\/magicienpro-paris.com\/#\/schema\/person\/image\/\"}},{\"@type\":\"Person\",\"@id\":\"https:\/\/magicienpro-paris.com\/#\/schema\/person\/8ce90070d156b61675fa89c05b204f0e\",\"name\":\"admin\",\"image\":{\"@type\":\"ImageObject\",\"inLanguage\":\"fr-FR\",\"@id\":\"https:\/\/magicienpro-paris.com\/#\/schema\/person\/image\/\",\"url\":\"https:\/\/magicienpro-paris.com\/wp-content\/litespeed\/avatar\/6337c726d188d95cccc98a98044a8aea.jpg?ver=1777400806\",\"contentUrl\":\"https:\/\/magicienpro-paris.com\/wp-content\/litespeed\/avatar\/6337c726d188d95cccc98a98044a8aea.jpg?ver=1777400806\",\"caption\":\"admin\"},\"sameAs\":[\"https:\/\/magicienpro-paris.com\"]}]}<\/script>\n<!-- \/ Yoast SEO plugin. -->","yoast_head_json":{"title":"Spectacle de mentalisme en \u00cele-de-France - Gr\u00e9gory DEL RIO","robots":{"index":"index","follow":"follow","max-snippet":"max-snippet:-1","max-image-preview":"max-image-preview:large","max-video-preview":"max-video-preview:-1"},"canonical":"https:\/\/magicienpro-paris.com\/?p=308","og_locale":"fr_FR","og_type":"article","og_title":"Spectacle de mentalisme en \u00cele-de-France - Gr\u00e9gory DEL RIO","og_description":"Plongez dans l&#8217;univers envo\u00fbtant du mentalisme et de l&#8217;hypnose \u00e0 Meaux ! Notre spectacle captivant allie l&#8217;art myst\u00e9rieux du mentalisme \u00e0 la fascination de l&#8217;hypnose pour une exp\u00e9rience unique qui \u00e9veillera votre curiosit\u00e9 et repoussera les limites de votre perception. Gr\u00e9gory DEL RIO, notre mentaliste et hypnotiseur de spectacle dans le 77 sera ce soir [&hellip;]","og_url":"https:\/\/magicienpro-paris.com\/?p=308","og_site_name":"Gr\u00e9gory DEL RIO","article_published_time":"2024-01-12T08:08:23+00:00","og_image":[{"width":2048,"height":1367,"url":"https:\/\/magicienpro-paris.com\/wp-content\/uploads\/2024\/09\/IMG_2434.jpg","type":"image\/jpeg"}],"author":"admin","twitter_card":"summary_large_image","twitter_misc":{"\u00c9crit par":"admin","Dur\u00e9e de lecture estim\u00e9e":"1 minute"},"schema":{"@context":"https:\/\/schema.org","@graph":[{"@type":"Article","@id":"https:\/\/magicienpro-paris.com\/?p=308#article","isPartOf":{"@id":"https:\/\/magicienpro-paris.com\/?p=308"},"author":{"name":"admin","@id":"https:\/\/magicienpro-paris.com\/#\/schema\/person\/8ce90070d156b61675fa89c05b204f0e"},"headline":"Spectacle de mentalisme en \u00cele-de-France","datePublished":"2024-01-12T08:08:23+00:00","mainEntityOfPage":{"@id":"https:\/\/magicienpro-paris.com\/?p=308"},"wordCount":283,"publisher":{"@id":"https:\/\/magicienpro-paris.com\/#\/schema\/person\/d4073c3100e8531a5b3e8a4607056746"},"articleSection":["Sans cat\u00e9gorie"],"inLanguage":"fr-FR"},{"@type":"WebPage","@id":"https:\/\/magicienpro-paris.com\/?p=308","url":"https:\/\/magicienpro-paris.com\/?p=308","name":"Spectacle de mentalisme en \u00cele-de-France - Gr\u00e9gory DEL RIO","isPartOf":{"@id":"https:\/\/magicienpro-paris.com\/#website"},"datePublished":"2024-01-12T08:08:23+00:00","breadcrumb":{"@id":"https:\/\/magicienpro-paris.com\/?p=308#breadcrumb"},"inLanguage":"fr-FR","potentialAction":[{"@type":"ReadAction","target":["https:\/\/magicienpro-paris.com\/?p=308"]}]},{"@type":"BreadcrumbList","@id":"https:\/\/magicienpro-paris.com\/?p=308#breadcrumb","itemListElement":[{"@type":"ListItem","position":1,"name":"Accueil","item":"https:\/\/magicienpro-paris.com\/"},{"@type":"ListItem","position":2,"name":"Spectacle de mentalisme en \u00cele-de-France"}]},{"@type":"WebSite","@id":"https:\/\/magicienpro-paris.com\/#website","url":"https:\/\/magicienpro-paris.com\/","name":"Gr\u00e9gory DEL RIO","description":"Votre magicien professionnel pour vos \u00e9v\u00e8nements","publisher":{"@id":"https:\/\/magicienpro-paris.com\/#\/schema\/person\/d4073c3100e8531a5b3e8a4607056746"},"potentialAction":[{"@type":"SearchAction","target":{"@type":"EntryPoint","urlTemplate":"https:\/\/magicienpro-paris.com\/?s={search_term_string}"},"query-input":{"@type":"PropertyValueSpecification","valueRequired":true,"valueName":"search_term_string"}}],"inLanguage":"fr-FR"},{"@type":["Person","Organization"],"@id":"https:\/\/magicienpro-paris.com\/#\/schema\/person\/d4073c3100e8531a5b3e8a4607056746","name":"magicienproparis@gmail.com","image":{"@type":"ImageObject","inLanguage":"fr-FR","@id":"https:\/\/magicienpro-paris.com\/#\/schema\/person\/image\/","url":"https:\/\/magicienpro-paris.com\/wp-content\/uploads\/2024\/09\/Logo-Gregory-DEL-RIO.png","contentUrl":"https:\/\/magicienpro-paris.com\/wp-content\/uploads\/2024\/09\/Logo-Gregory-DEL-RIO.png","width":2908,"height":1161,"caption":"magicienproparis@gmail.com"},"logo":{"@id":"https:\/\/magicienpro-paris.com\/#\/schema\/person\/image\/"}},{"@type":"Person","@id":"https:\/\/magicienpro-paris.com\/#\/schema\/person\/8ce90070d156b61675fa89c05b204f0e","name":"admin","image":{"@type":"ImageObject","inLanguage":"fr-FR","@id":"https:\/\/magicienpro-paris.com\/#\/schema\/person\/image\/","url":"https:\/\/magicienpro-paris.com\/wp-content\/litespeed\/avatar\/6337c726d188d95cccc98a98044a8aea.jpg?ver=1777400806","contentUrl":"https:\/\/magicienpro-paris.com\/wp-content\/litespeed\/avatar\/6337c726d188d95cccc98a98044a8aea.jpg?ver=1777400806","caption":"admin"},"sameAs":["https:\/\/magicienpro-paris.com"]}]}},"_links":{"self":[{"href":"https:\/\/magicienpro-paris.com\/index.php?rest_route=\/wp\/v2\/posts\/308","targetHints":{"allow":["GET"]}}],"collection":[{"href":"https:\/\/magicienpro-paris.com\/index.php?rest_route=\/wp\/v2\/posts"}],"about":[{"href":"https:\/\/magicienpro-paris.com\/index.php?rest_route=\/wp\/v2\/types\/post"}],"author":[{"embeddable":true,"href":"https:\/\/magicienpro-paris.com\/index.php?rest_route=\/wp\/v2\/users\/1"}],"replies":[{"embeddable":true,"href":"https:\/\/magicienpro-paris.com\/index.php?rest_route=%2Fwp%2Fv2%2Fcomments&post=308"}],"version-history":[{"count":1,"href":"https:\/\/magicienpro-paris.com\/index.php?rest_route=\/wp\/v2\/posts\/308\/revisions"}],"predecessor-version":[{"id":309,"href":"https:\/\/magicienpro-paris.com\/index.php?rest_route=\/wp\/v2\/posts\/308\/revisions\/309"}],"wp:attachment":[{"href":"https:\/\/magicienpro-paris.com\/index.php?rest_route=%2Fwp%2Fv2%2Fmedia&parent=308"}],"wp:term":[{"taxonomy":"category","embeddable":true,"href":"https:\/\/magicienpro-paris.com\/index.php?rest_route=%2Fwp%2Fv2%2Fcategories&post=308"},{"taxonomy":"post_tag","embeddable":true,"href":"https:\/\/magicienpro-paris.com\/index.php?rest_route=%2Fwp%2Fv2%2Ftags&post=308"}],"curies":[{"name":"wp","href":"https:\/\/api.w.org\/{rel}","templated":true}]}}