{"id":373,"date":"2024-05-30T09:00:00","date_gmt":"2024-05-30T07:00:00","guid":{"rendered":"https:\/\/magicienpro-paris.com\/?p=373"},"modified":"2024-05-10T15:52:03","modified_gmt":"2024-05-10T13:52:03","slug":"mentaliste-close-up-dans-le-92","status":"publish","type":"post","link":"https:\/\/magicienpro-paris.com\/?p=373","title":{"rendered":"Mentaliste close-up dans le 92"},"content":{"rendered":"\n<p>Gr\u00e9gory DEL RIO est aujourd\u2019hui mentaliste close up 92. Ce mentaliste hauts de seine 92 pour une client\u00e8le prestigieuses o\u00f9 tous les PDG des plus grandes entreprises fran\u00e7aises sont r\u00e9unis. Votre magicien 92 et mentaliste 92 a \u00e9t\u00e9 choisi pour garantir un impact certain \u00e0 ce magnifique \u00e9v\u00e8nement.&nbsp;<\/p>\n\n\n\n<p>Mentaliste entreprise depuis pr\u00e8s de 25 ans \u00e0 Paris&nbsp; et dans le 92, Gr\u00e9gory DEL RIO est r\u00e9guli\u00e8rement sollicit\u00e9 pour la magie sur mesure entreprise.&nbsp;<\/p>\n\n\n\n<p>Aujourd\u2019hui, ce n\u2019est pas une mais deux prestations haut de gamme. Rendez vous avec votre magicien haut de gamme et mentaliste 92 dans la prochaine actualit\u00e9 \u00e0 Paris.&nbsp;<\/p>\n","protected":false},"excerpt":{"rendered":"<p>Gr\u00e9gory DEL RIO est aujourd\u2019hui mentaliste close up 92. Ce mentaliste hauts de seine 92 pour une client\u00e8le prestigieuses o\u00f9 tous les PDG des plus grandes entreprises fran\u00e7aises sont r\u00e9unis. Votre magicien 92 et mentaliste 92 a \u00e9t\u00e9 choisi pour garantir un impact certain \u00e0 ce magnifique \u00e9v\u00e8nement.&nbsp; Mentaliste entreprise depuis pr\u00e8s de 25 ans [&hellip;]<\/p>\n","protected":false},"author":1,"featured_media":124,"comment_status":"closed","ping_status":"closed","sticky":false,"template":"","format":"standard","meta":{"footnotes":""},"categories":[19],"tags":[],"class_list":["post-373","post","type-post","status-publish","format-standard","has-post-thumbnail","hentry","category-actualite"],"yoast_head":"<!-- This site is optimized with the Yoast SEO plugin v26.1.1 - https:\/\/yoast.com\/wordpress\/plugins\/seo\/ -->\n<title>Mentaliste close-up dans le 92 - Gr\u00e9gory DEL RIO<\/title>\n<meta name=\"robots\" content=\"index, follow, max-snippet:-1, max-image-preview:large, max-video-preview:-1\" \/>\n<link rel=\"canonical\" href=\"https:\/\/magicienpro-paris.com\/?p=373\" \/>\n<meta property=\"og:locale\" content=\"fr_FR\" \/>\n<meta property=\"og:type\" content=\"article\" \/>\n<meta property=\"og:title\" content=\"Mentaliste close-up dans le 92 - Gr\u00e9gory DEL RIO\" \/>\n<meta property=\"og:description\" content=\"Gr\u00e9gory DEL RIO est aujourd\u2019hui mentaliste close up 92. Ce mentaliste hauts de seine 92 pour une client\u00e8le prestigieuses o\u00f9 tous les PDG des plus grandes entreprises fran\u00e7aises sont r\u00e9unis. Votre magicien 92 et mentaliste 92 a \u00e9t\u00e9 choisi pour garantir un impact certain \u00e0 ce magnifique \u00e9v\u00e8nement.&nbsp; Mentaliste entreprise depuis pr\u00e8s de 25 ans [&hellip;]\" \/>\n<meta property=\"og:url\" content=\"https:\/\/magicienpro-paris.com\/?p=373\" \/>\n<meta property=\"og:site_name\" content=\"Gr\u00e9gory DEL RIO\" \/>\n<meta property=\"article:published_time\" content=\"2024-05-30T07:00:00+00:00\" \/>\n<meta property=\"og:image\" content=\"https:\/\/magicienpro-paris.com\/wp-content\/uploads\/2023\/11\/Magicien-pour-evenement-scaled.jpg\" \/>\n\t<meta property=\"og:image:width\" content=\"2560\" \/>\n\t<meta property=\"og:image:height\" content=\"1920\" \/>\n\t<meta property=\"og:image:type\" content=\"image\/jpeg\" \/>\n<meta name=\"author\" content=\"admin\" \/>\n<meta name=\"twitter:card\" content=\"summary_large_image\" \/>\n<meta name=\"twitter:label1\" content=\"\u00c9crit par\" \/>\n\t<meta name=\"twitter:data1\" content=\"admin\" \/>\n\t<meta name=\"twitter:label2\" content=\"Dur\u00e9e de lecture estim\u00e9e\" \/>\n\t<meta name=\"twitter:data2\" content=\"1 minute\" \/>\n<script type=\"application\/ld+json\" class=\"yoast-schema-graph\">{\"@context\":\"https:\/\/schema.org\",\"@graph\":[{\"@type\":\"Article\",\"@id\":\"https:\/\/magicienpro-paris.com\/?p=373#article\",\"isPartOf\":{\"@id\":\"https:\/\/magicienpro-paris.com\/?p=373\"},\"author\":{\"name\":\"admin\",\"@id\":\"https:\/\/magicienpro-paris.com\/#\/schema\/person\/8ce90070d156b61675fa89c05b204f0e\"},\"headline\":\"Mentaliste close-up dans le 92\",\"datePublished\":\"2024-05-30T07:00:00+00:00\",\"mainEntityOfPage\":{\"@id\":\"https:\/\/magicienpro-paris.com\/?p=373\"},\"wordCount\":111,\"publisher\":{\"@id\":\"https:\/\/magicienpro-paris.com\/#\/schema\/person\/d4073c3100e8531a5b3e8a4607056746\"},\"image\":{\"@id\":\"https:\/\/magicienpro-paris.com\/?p=373#primaryimage\"},\"thumbnailUrl\":\"https:\/\/magicienpro-paris.com\/wp-content\/uploads\/2023\/11\/Magicien-pour-evenement-scaled.jpg\",\"articleSection\":[\"Actualit\u00e9\"],\"inLanguage\":\"fr-FR\"},{\"@type\":\"WebPage\",\"@id\":\"https:\/\/magicienpro-paris.com\/?p=373\",\"url\":\"https:\/\/magicienpro-paris.com\/?p=373\",\"name\":\"Mentaliste close-up dans le 92 - Gr\u00e9gory DEL RIO\",\"isPartOf\":{\"@id\":\"https:\/\/magicienpro-paris.com\/#website\"},\"primaryImageOfPage\":{\"@id\":\"https:\/\/magicienpro-paris.com\/?p=373#primaryimage\"},\"image\":{\"@id\":\"https:\/\/magicienpro-paris.com\/?p=373#primaryimage\"},\"thumbnailUrl\":\"https:\/\/magicienpro-paris.com\/wp-content\/uploads\/2023\/11\/Magicien-pour-evenement-scaled.jpg\",\"datePublished\":\"2024-05-30T07:00:00+00:00\",\"breadcrumb\":{\"@id\":\"https:\/\/magicienpro-paris.com\/?p=373#breadcrumb\"},\"inLanguage\":\"fr-FR\",\"potentialAction\":[{\"@type\":\"ReadAction\",\"target\":[\"https:\/\/magicienpro-paris.com\/?p=373\"]}]},{\"@type\":\"ImageObject\",\"inLanguage\":\"fr-FR\",\"@id\":\"https:\/\/magicienpro-paris.com\/?p=373#primaryimage\",\"url\":\"https:\/\/magicienpro-paris.com\/wp-content\/uploads\/2023\/11\/Magicien-pour-evenement-scaled.jpg\",\"contentUrl\":\"https:\/\/magicienpro-paris.com\/wp-content\/uploads\/2023\/11\/Magicien-pour-evenement-scaled.jpg\",\"width\":2560,\"height\":1920,\"caption\":\"magicien pour \u00e9v\u00e8nement d'entreprise\"},{\"@type\":\"BreadcrumbList\",\"@id\":\"https:\/\/magicienpro-paris.com\/?p=373#breadcrumb\",\"itemListElement\":[{\"@type\":\"ListItem\",\"position\":1,\"name\":\"Accueil\",\"item\":\"https:\/\/magicienpro-paris.com\/\"},{\"@type\":\"ListItem\",\"position\":2,\"name\":\"Mentaliste close-up dans le 92\"}]},{\"@type\":\"WebSite\",\"@id\":\"https:\/\/magicienpro-paris.com\/#website\",\"url\":\"https:\/\/magicienpro-paris.com\/\",\"name\":\"Gr\u00e9gory DEL RIO\",\"description\":\"Votre magicien professionnel pour vos \u00e9v\u00e8nements\",\"publisher\":{\"@id\":\"https:\/\/magicienpro-paris.com\/#\/schema\/person\/d4073c3100e8531a5b3e8a4607056746\"},\"potentialAction\":[{\"@type\":\"SearchAction\",\"target\":{\"@type\":\"EntryPoint\",\"urlTemplate\":\"https:\/\/magicienpro-paris.com\/?s={search_term_string}\"},\"query-input\":{\"@type\":\"PropertyValueSpecification\",\"valueRequired\":true,\"valueName\":\"search_term_string\"}}],\"inLanguage\":\"fr-FR\"},{\"@type\":[\"Person\",\"Organization\"],\"@id\":\"https:\/\/magicienpro-paris.com\/#\/schema\/person\/d4073c3100e8531a5b3e8a4607056746\",\"name\":\"magicienproparis@gmail.com\",\"image\":{\"@type\":\"ImageObject\",\"inLanguage\":\"fr-FR\",\"@id\":\"https:\/\/magicienpro-paris.com\/#\/schema\/person\/image\/\",\"url\":\"https:\/\/magicienpro-paris.com\/wp-content\/uploads\/2024\/09\/Logo-Gregory-DEL-RIO.png\",\"contentUrl\":\"https:\/\/magicienpro-paris.com\/wp-content\/uploads\/2024\/09\/Logo-Gregory-DEL-RIO.png\",\"width\":2908,\"height\":1161,\"caption\":\"magicienproparis@gmail.com\"},\"logo\":{\"@id\":\"https:\/\/magicienpro-paris.com\/#\/schema\/person\/image\/\"}},{\"@type\":\"Person\",\"@id\":\"https:\/\/magicienpro-paris.com\/#\/schema\/person\/8ce90070d156b61675fa89c05b204f0e\",\"name\":\"admin\",\"image\":{\"@type\":\"ImageObject\",\"inLanguage\":\"fr-FR\",\"@id\":\"https:\/\/magicienpro-paris.com\/#\/schema\/person\/image\/\",\"url\":\"https:\/\/magicienpro-paris.com\/wp-content\/litespeed\/avatar\/6337c726d188d95cccc98a98044a8aea.jpg?ver=1777400806\",\"contentUrl\":\"https:\/\/magicienpro-paris.com\/wp-content\/litespeed\/avatar\/6337c726d188d95cccc98a98044a8aea.jpg?ver=1777400806\",\"caption\":\"admin\"},\"sameAs\":[\"https:\/\/magicienpro-paris.com\"]}]}<\/script>\n<!-- \/ Yoast SEO plugin. -->","yoast_head_json":{"title":"Mentaliste close-up dans le 92 - Gr\u00e9gory DEL RIO","robots":{"index":"index","follow":"follow","max-snippet":"max-snippet:-1","max-image-preview":"max-image-preview:large","max-video-preview":"max-video-preview:-1"},"canonical":"https:\/\/magicienpro-paris.com\/?p=373","og_locale":"fr_FR","og_type":"article","og_title":"Mentaliste close-up dans le 92 - Gr\u00e9gory DEL RIO","og_description":"Gr\u00e9gory DEL RIO est aujourd\u2019hui mentaliste close up 92. Ce mentaliste hauts de seine 92 pour une client\u00e8le prestigieuses o\u00f9 tous les PDG des plus grandes entreprises fran\u00e7aises sont r\u00e9unis. Votre magicien 92 et mentaliste 92 a \u00e9t\u00e9 choisi pour garantir un impact certain \u00e0 ce magnifique \u00e9v\u00e8nement.&nbsp; Mentaliste entreprise depuis pr\u00e8s de 25 ans [&hellip;]","og_url":"https:\/\/magicienpro-paris.com\/?p=373","og_site_name":"Gr\u00e9gory DEL RIO","article_published_time":"2024-05-30T07:00:00+00:00","og_image":[{"width":2560,"height":1920,"url":"https:\/\/magicienpro-paris.com\/wp-content\/uploads\/2023\/11\/Magicien-pour-evenement-scaled.jpg","type":"image\/jpeg"}],"author":"admin","twitter_card":"summary_large_image","twitter_misc":{"\u00c9crit par":"admin","Dur\u00e9e de lecture estim\u00e9e":"1 minute"},"schema":{"@context":"https:\/\/schema.org","@graph":[{"@type":"Article","@id":"https:\/\/magicienpro-paris.com\/?p=373#article","isPartOf":{"@id":"https:\/\/magicienpro-paris.com\/?p=373"},"author":{"name":"admin","@id":"https:\/\/magicienpro-paris.com\/#\/schema\/person\/8ce90070d156b61675fa89c05b204f0e"},"headline":"Mentaliste close-up dans le 92","datePublished":"2024-05-30T07:00:00+00:00","mainEntityOfPage":{"@id":"https:\/\/magicienpro-paris.com\/?p=373"},"wordCount":111,"publisher":{"@id":"https:\/\/magicienpro-paris.com\/#\/schema\/person\/d4073c3100e8531a5b3e8a4607056746"},"image":{"@id":"https:\/\/magicienpro-paris.com\/?p=373#primaryimage"},"thumbnailUrl":"https:\/\/magicienpro-paris.com\/wp-content\/uploads\/2023\/11\/Magicien-pour-evenement-scaled.jpg","articleSection":["Actualit\u00e9"],"inLanguage":"fr-FR"},{"@type":"WebPage","@id":"https:\/\/magicienpro-paris.com\/?p=373","url":"https:\/\/magicienpro-paris.com\/?p=373","name":"Mentaliste close-up dans le 92 - Gr\u00e9gory DEL RIO","isPartOf":{"@id":"https:\/\/magicienpro-paris.com\/#website"},"primaryImageOfPage":{"@id":"https:\/\/magicienpro-paris.com\/?p=373#primaryimage"},"image":{"@id":"https:\/\/magicienpro-paris.com\/?p=373#primaryimage"},"thumbnailUrl":"https:\/\/magicienpro-paris.com\/wp-content\/uploads\/2023\/11\/Magicien-pour-evenement-scaled.jpg","datePublished":"2024-05-30T07:00:00+00:00","breadcrumb":{"@id":"https:\/\/magicienpro-paris.com\/?p=373#breadcrumb"},"inLanguage":"fr-FR","potentialAction":[{"@type":"ReadAction","target":["https:\/\/magicienpro-paris.com\/?p=373"]}]},{"@type":"ImageObject","inLanguage":"fr-FR","@id":"https:\/\/magicienpro-paris.com\/?p=373#primaryimage","url":"https:\/\/magicienpro-paris.com\/wp-content\/uploads\/2023\/11\/Magicien-pour-evenement-scaled.jpg","contentUrl":"https:\/\/magicienpro-paris.com\/wp-content\/uploads\/2023\/11\/Magicien-pour-evenement-scaled.jpg","width":2560,"height":1920,"caption":"magicien pour \u00e9v\u00e8nement d'entreprise"},{"@type":"BreadcrumbList","@id":"https:\/\/magicienpro-paris.com\/?p=373#breadcrumb","itemListElement":[{"@type":"ListItem","position":1,"name":"Accueil","item":"https:\/\/magicienpro-paris.com\/"},{"@type":"ListItem","position":2,"name":"Mentaliste close-up dans le 92"}]},{"@type":"WebSite","@id":"https:\/\/magicienpro-paris.com\/#website","url":"https:\/\/magicienpro-paris.com\/","name":"Gr\u00e9gory DEL RIO","description":"Votre magicien professionnel pour vos \u00e9v\u00e8nements","publisher":{"@id":"https:\/\/magicienpro-paris.com\/#\/schema\/person\/d4073c3100e8531a5b3e8a4607056746"},"potentialAction":[{"@type":"SearchAction","target":{"@type":"EntryPoint","urlTemplate":"https:\/\/magicienpro-paris.com\/?s={search_term_string}"},"query-input":{"@type":"PropertyValueSpecification","valueRequired":true,"valueName":"search_term_string"}}],"inLanguage":"fr-FR"},{"@type":["Person","Organization"],"@id":"https:\/\/magicienpro-paris.com\/#\/schema\/person\/d4073c3100e8531a5b3e8a4607056746","name":"magicienproparis@gmail.com","image":{"@type":"ImageObject","inLanguage":"fr-FR","@id":"https:\/\/magicienpro-paris.com\/#\/schema\/person\/image\/","url":"https:\/\/magicienpro-paris.com\/wp-content\/uploads\/2024\/09\/Logo-Gregory-DEL-RIO.png","contentUrl":"https:\/\/magicienpro-paris.com\/wp-content\/uploads\/2024\/09\/Logo-Gregory-DEL-RIO.png","width":2908,"height":1161,"caption":"magicienproparis@gmail.com"},"logo":{"@id":"https:\/\/magicienpro-paris.com\/#\/schema\/person\/image\/"}},{"@type":"Person","@id":"https:\/\/magicienpro-paris.com\/#\/schema\/person\/8ce90070d156b61675fa89c05b204f0e","name":"admin","image":{"@type":"ImageObject","inLanguage":"fr-FR","@id":"https:\/\/magicienpro-paris.com\/#\/schema\/person\/image\/","url":"https:\/\/magicienpro-paris.com\/wp-content\/litespeed\/avatar\/6337c726d188d95cccc98a98044a8aea.jpg?ver=1777400806","contentUrl":"https:\/\/magicienpro-paris.com\/wp-content\/litespeed\/avatar\/6337c726d188d95cccc98a98044a8aea.jpg?ver=1777400806","caption":"admin"},"sameAs":["https:\/\/magicienpro-paris.com"]}]}},"_links":{"self":[{"href":"https:\/\/magicienpro-paris.com\/index.php?rest_route=\/wp\/v2\/posts\/373","targetHints":{"allow":["GET"]}}],"collection":[{"href":"https:\/\/magicienpro-paris.com\/index.php?rest_route=\/wp\/v2\/posts"}],"about":[{"href":"https:\/\/magicienpro-paris.com\/index.php?rest_route=\/wp\/v2\/types\/post"}],"author":[{"embeddable":true,"href":"https:\/\/magicienpro-paris.com\/index.php?rest_route=\/wp\/v2\/users\/1"}],"replies":[{"embeddable":true,"href":"https:\/\/magicienpro-paris.com\/index.php?rest_route=%2Fwp%2Fv2%2Fcomments&post=373"}],"version-history":[{"count":1,"href":"https:\/\/magicienpro-paris.com\/index.php?rest_route=\/wp\/v2\/posts\/373\/revisions"}],"predecessor-version":[{"id":374,"href":"https:\/\/magicienpro-paris.com\/index.php?rest_route=\/wp\/v2\/posts\/373\/revisions\/374"}],"wp:featuredmedia":[{"embeddable":true,"href":"https:\/\/magicienpro-paris.com\/index.php?rest_route=\/wp\/v2\/media\/124"}],"wp:attachment":[{"href":"https:\/\/magicienpro-paris.com\/index.php?rest_route=%2Fwp%2Fv2%2Fmedia&parent=373"}],"wp:term":[{"taxonomy":"category","embeddable":true,"href":"https:\/\/magicienpro-paris.com\/index.php?rest_route=%2Fwp%2Fv2%2Fcategories&post=373"},{"taxonomy":"post_tag","embeddable":true,"href":"https:\/\/magicienpro-paris.com\/index.php?rest_route=%2Fwp%2Fv2%2Ftags&post=373"}],"curies":[{"name":"wp","href":"https:\/\/api.w.org\/{rel}","templated":true}]}}