{"id":467,"date":"2024-06-01T12:38:38","date_gmt":"2024-06-01T10:38:38","guid":{"rendered":"https:\/\/magicienpro-paris.com\/?p=467"},"modified":"2024-06-18T12:39:41","modified_gmt":"2024-06-18T10:39:41","slug":"mentaliste-a-versailles","status":"publish","type":"post","link":"https:\/\/magicienpro-paris.com\/?p=467","title":{"rendered":"Mentaliste \u00e0 Versailles"},"content":{"rendered":"\n<p>Votre mentaliste hypnotiseur de spectacle Gr\u00e9gory DEL RIO sera mentaliste Versailles pour une prestation magicien luxe et compl\u00e8te.&nbsp;<\/p>\n\n\n\n<p>A la fois mentaliste en close up puis en spectacle de mentalisme 78 \u00e0 Versailles, Gr\u00e9gory DEL RIO a assur\u00e9 l\u2019animation prestigieuse de ce client dans sa villa \u00e0 Versailles. Encore une animation mentaliste g\u00e9r\u00e9 de main ma\u00eetre par Gr\u00e9gory DEL RIO, votre mentaliste 78 et magicien 78.&nbsp;<\/p>\n\n\n\n<p>Mentaliste et hypnotiseur de spectacle Versailles, Gr\u00e9gory est aujourd\u2019hui le mentaliste 78 et hypnotiseur 78 le plus sollicit\u00e9 par les entreprises et les clients qui aiment les spectacles de mentalisme \u00e0 Versailles de qualit\u00e9.&nbsp;<\/p>\n","protected":false},"excerpt":{"rendered":"<p>Votre mentaliste hypnotiseur de spectacle Gr\u00e9gory DEL RIO sera mentaliste Versailles pour une prestation magicien luxe et compl\u00e8te.&nbsp; A la fois mentaliste en close up puis en spectacle de mentalisme 78 \u00e0 Versailles, Gr\u00e9gory DEL RIO a assur\u00e9 l\u2019animation prestigieuse de ce client dans sa villa \u00e0 Versailles. Encore une animation mentaliste g\u00e9r\u00e9 de main [&hellip;]<\/p>\n","protected":false},"author":1,"featured_media":35,"comment_status":"closed","ping_status":"closed","sticky":false,"template":"","format":"standard","meta":{"footnotes":""},"categories":[19],"tags":[],"class_list":["post-467","post","type-post","status-publish","format-standard","has-post-thumbnail","hentry","category-actualite"],"yoast_head":"<!-- This site is optimized with the Yoast SEO plugin v26.1.1 - https:\/\/yoast.com\/wordpress\/plugins\/seo\/ -->\n<title>Mentaliste \u00e0 Versailles - Gr\u00e9gory DEL RIO<\/title>\n<meta name=\"robots\" content=\"index, follow, max-snippet:-1, max-image-preview:large, max-video-preview:-1\" \/>\n<link rel=\"canonical\" href=\"https:\/\/magicienpro-paris.com\/?p=467\" \/>\n<meta property=\"og:locale\" content=\"fr_FR\" \/>\n<meta property=\"og:type\" content=\"article\" \/>\n<meta property=\"og:title\" content=\"Mentaliste \u00e0 Versailles - Gr\u00e9gory DEL RIO\" \/>\n<meta property=\"og:description\" content=\"Votre mentaliste hypnotiseur de spectacle Gr\u00e9gory DEL RIO sera mentaliste Versailles pour une prestation magicien luxe et compl\u00e8te.&nbsp; A la fois mentaliste en close up puis en spectacle de mentalisme 78 \u00e0 Versailles, Gr\u00e9gory DEL RIO a assur\u00e9 l\u2019animation prestigieuse de ce client dans sa villa \u00e0 Versailles. Encore une animation mentaliste g\u00e9r\u00e9 de main [&hellip;]\" \/>\n<meta property=\"og:url\" content=\"https:\/\/magicienpro-paris.com\/?p=467\" \/>\n<meta property=\"og:site_name\" content=\"Gr\u00e9gory DEL RIO\" \/>\n<meta property=\"article:published_time\" content=\"2024-06-01T10:38:38+00:00\" \/>\n<meta property=\"article:modified_time\" content=\"2024-06-18T10:39:41+00:00\" \/>\n<meta property=\"og:image\" content=\"https:\/\/magicienpro-paris.com\/wp-content\/uploads\/2023\/10\/MTL_9609.jpg\" \/>\n\t<meta property=\"og:image:width\" content=\"960\" \/>\n\t<meta property=\"og:image:height\" content=\"640\" \/>\n\t<meta property=\"og:image:type\" content=\"image\/jpeg\" \/>\n<meta name=\"author\" content=\"admin\" \/>\n<meta name=\"twitter:card\" content=\"summary_large_image\" \/>\n<meta name=\"twitter:label1\" content=\"\u00c9crit par\" \/>\n\t<meta name=\"twitter:data1\" content=\"admin\" \/>\n\t<meta name=\"twitter:label2\" content=\"Dur\u00e9e de lecture estim\u00e9e\" \/>\n\t<meta name=\"twitter:data2\" content=\"1 minute\" \/>\n<script type=\"application\/ld+json\" class=\"yoast-schema-graph\">{\"@context\":\"https:\/\/schema.org\",\"@graph\":[{\"@type\":\"Article\",\"@id\":\"https:\/\/magicienpro-paris.com\/?p=467#article\",\"isPartOf\":{\"@id\":\"https:\/\/magicienpro-paris.com\/?p=467\"},\"author\":{\"name\":\"admin\",\"@id\":\"https:\/\/magicienpro-paris.com\/#\/schema\/person\/8ce90070d156b61675fa89c05b204f0e\"},\"headline\":\"Mentaliste \u00e0 Versailles\",\"datePublished\":\"2024-06-01T10:38:38+00:00\",\"dateModified\":\"2024-06-18T10:39:41+00:00\",\"mainEntityOfPage\":{\"@id\":\"https:\/\/magicienpro-paris.com\/?p=467\"},\"wordCount\":106,\"publisher\":{\"@id\":\"https:\/\/magicienpro-paris.com\/#\/schema\/person\/d4073c3100e8531a5b3e8a4607056746\"},\"image\":{\"@id\":\"https:\/\/magicienpro-paris.com\/?p=467#primaryimage\"},\"thumbnailUrl\":\"https:\/\/magicienpro-paris.com\/wp-content\/uploads\/2023\/10\/MTL_9609.jpg\",\"articleSection\":[\"Actualit\u00e9\"],\"inLanguage\":\"fr-FR\"},{\"@type\":\"WebPage\",\"@id\":\"https:\/\/magicienpro-paris.com\/?p=467\",\"url\":\"https:\/\/magicienpro-paris.com\/?p=467\",\"name\":\"Mentaliste \u00e0 Versailles - Gr\u00e9gory DEL RIO\",\"isPartOf\":{\"@id\":\"https:\/\/magicienpro-paris.com\/#website\"},\"primaryImageOfPage\":{\"@id\":\"https:\/\/magicienpro-paris.com\/?p=467#primaryimage\"},\"image\":{\"@id\":\"https:\/\/magicienpro-paris.com\/?p=467#primaryimage\"},\"thumbnailUrl\":\"https:\/\/magicienpro-paris.com\/wp-content\/uploads\/2023\/10\/MTL_9609.jpg\",\"datePublished\":\"2024-06-01T10:38:38+00:00\",\"dateModified\":\"2024-06-18T10:39:41+00:00\",\"breadcrumb\":{\"@id\":\"https:\/\/magicienpro-paris.com\/?p=467#breadcrumb\"},\"inLanguage\":\"fr-FR\",\"potentialAction\":[{\"@type\":\"ReadAction\",\"target\":[\"https:\/\/magicienpro-paris.com\/?p=467\"]}]},{\"@type\":\"ImageObject\",\"inLanguage\":\"fr-FR\",\"@id\":\"https:\/\/magicienpro-paris.com\/?p=467#primaryimage\",\"url\":\"https:\/\/magicienpro-paris.com\/wp-content\/uploads\/2023\/10\/MTL_9609.jpg\",\"contentUrl\":\"https:\/\/magicienpro-paris.com\/wp-content\/uploads\/2023\/10\/MTL_9609.jpg\",\"width\":960,\"height\":640,\"caption\":\"mentalisme mariage\"},{\"@type\":\"BreadcrumbList\",\"@id\":\"https:\/\/magicienpro-paris.com\/?p=467#breadcrumb\",\"itemListElement\":[{\"@type\":\"ListItem\",\"position\":1,\"name\":\"Accueil\",\"item\":\"https:\/\/magicienpro-paris.com\/\"},{\"@type\":\"ListItem\",\"position\":2,\"name\":\"Mentaliste \u00e0 Versailles\"}]},{\"@type\":\"WebSite\",\"@id\":\"https:\/\/magicienpro-paris.com\/#website\",\"url\":\"https:\/\/magicienpro-paris.com\/\",\"name\":\"Gr\u00e9gory DEL RIO\",\"description\":\"Votre magicien professionnel pour vos \u00e9v\u00e8nements\",\"publisher\":{\"@id\":\"https:\/\/magicienpro-paris.com\/#\/schema\/person\/d4073c3100e8531a5b3e8a4607056746\"},\"potentialAction\":[{\"@type\":\"SearchAction\",\"target\":{\"@type\":\"EntryPoint\",\"urlTemplate\":\"https:\/\/magicienpro-paris.com\/?s={search_term_string}\"},\"query-input\":{\"@type\":\"PropertyValueSpecification\",\"valueRequired\":true,\"valueName\":\"search_term_string\"}}],\"inLanguage\":\"fr-FR\"},{\"@type\":[\"Person\",\"Organization\"],\"@id\":\"https:\/\/magicienpro-paris.com\/#\/schema\/person\/d4073c3100e8531a5b3e8a4607056746\",\"name\":\"magicienproparis@gmail.com\",\"image\":{\"@type\":\"ImageObject\",\"inLanguage\":\"fr-FR\",\"@id\":\"https:\/\/magicienpro-paris.com\/#\/schema\/person\/image\/\",\"url\":\"https:\/\/magicienpro-paris.com\/wp-content\/uploads\/2024\/09\/Logo-Gregory-DEL-RIO.png\",\"contentUrl\":\"https:\/\/magicienpro-paris.com\/wp-content\/uploads\/2024\/09\/Logo-Gregory-DEL-RIO.png\",\"width\":2908,\"height\":1161,\"caption\":\"magicienproparis@gmail.com\"},\"logo\":{\"@id\":\"https:\/\/magicienpro-paris.com\/#\/schema\/person\/image\/\"}},{\"@type\":\"Person\",\"@id\":\"https:\/\/magicienpro-paris.com\/#\/schema\/person\/8ce90070d156b61675fa89c05b204f0e\",\"name\":\"admin\",\"image\":{\"@type\":\"ImageObject\",\"inLanguage\":\"fr-FR\",\"@id\":\"https:\/\/magicienpro-paris.com\/#\/schema\/person\/image\/\",\"url\":\"https:\/\/magicienpro-paris.com\/wp-content\/litespeed\/avatar\/6337c726d188d95cccc98a98044a8aea.jpg?ver=1777400806\",\"contentUrl\":\"https:\/\/magicienpro-paris.com\/wp-content\/litespeed\/avatar\/6337c726d188d95cccc98a98044a8aea.jpg?ver=1777400806\",\"caption\":\"admin\"},\"sameAs\":[\"https:\/\/magicienpro-paris.com\"]}]}<\/script>\n<!-- \/ Yoast SEO plugin. -->","yoast_head_json":{"title":"Mentaliste \u00e0 Versailles - Gr\u00e9gory DEL RIO","robots":{"index":"index","follow":"follow","max-snippet":"max-snippet:-1","max-image-preview":"max-image-preview:large","max-video-preview":"max-video-preview:-1"},"canonical":"https:\/\/magicienpro-paris.com\/?p=467","og_locale":"fr_FR","og_type":"article","og_title":"Mentaliste \u00e0 Versailles - Gr\u00e9gory DEL RIO","og_description":"Votre mentaliste hypnotiseur de spectacle Gr\u00e9gory DEL RIO sera mentaliste Versailles pour une prestation magicien luxe et compl\u00e8te.&nbsp; A la fois mentaliste en close up puis en spectacle de mentalisme 78 \u00e0 Versailles, Gr\u00e9gory DEL RIO a assur\u00e9 l\u2019animation prestigieuse de ce client dans sa villa \u00e0 Versailles. Encore une animation mentaliste g\u00e9r\u00e9 de main [&hellip;]","og_url":"https:\/\/magicienpro-paris.com\/?p=467","og_site_name":"Gr\u00e9gory DEL RIO","article_published_time":"2024-06-01T10:38:38+00:00","article_modified_time":"2024-06-18T10:39:41+00:00","og_image":[{"width":960,"height":640,"url":"https:\/\/magicienpro-paris.com\/wp-content\/uploads\/2023\/10\/MTL_9609.jpg","type":"image\/jpeg"}],"author":"admin","twitter_card":"summary_large_image","twitter_misc":{"\u00c9crit par":"admin","Dur\u00e9e de lecture estim\u00e9e":"1 minute"},"schema":{"@context":"https:\/\/schema.org","@graph":[{"@type":"Article","@id":"https:\/\/magicienpro-paris.com\/?p=467#article","isPartOf":{"@id":"https:\/\/magicienpro-paris.com\/?p=467"},"author":{"name":"admin","@id":"https:\/\/magicienpro-paris.com\/#\/schema\/person\/8ce90070d156b61675fa89c05b204f0e"},"headline":"Mentaliste \u00e0 Versailles","datePublished":"2024-06-01T10:38:38+00:00","dateModified":"2024-06-18T10:39:41+00:00","mainEntityOfPage":{"@id":"https:\/\/magicienpro-paris.com\/?p=467"},"wordCount":106,"publisher":{"@id":"https:\/\/magicienpro-paris.com\/#\/schema\/person\/d4073c3100e8531a5b3e8a4607056746"},"image":{"@id":"https:\/\/magicienpro-paris.com\/?p=467#primaryimage"},"thumbnailUrl":"https:\/\/magicienpro-paris.com\/wp-content\/uploads\/2023\/10\/MTL_9609.jpg","articleSection":["Actualit\u00e9"],"inLanguage":"fr-FR"},{"@type":"WebPage","@id":"https:\/\/magicienpro-paris.com\/?p=467","url":"https:\/\/magicienpro-paris.com\/?p=467","name":"Mentaliste \u00e0 Versailles - Gr\u00e9gory DEL RIO","isPartOf":{"@id":"https:\/\/magicienpro-paris.com\/#website"},"primaryImageOfPage":{"@id":"https:\/\/magicienpro-paris.com\/?p=467#primaryimage"},"image":{"@id":"https:\/\/magicienpro-paris.com\/?p=467#primaryimage"},"thumbnailUrl":"https:\/\/magicienpro-paris.com\/wp-content\/uploads\/2023\/10\/MTL_9609.jpg","datePublished":"2024-06-01T10:38:38+00:00","dateModified":"2024-06-18T10:39:41+00:00","breadcrumb":{"@id":"https:\/\/magicienpro-paris.com\/?p=467#breadcrumb"},"inLanguage":"fr-FR","potentialAction":[{"@type":"ReadAction","target":["https:\/\/magicienpro-paris.com\/?p=467"]}]},{"@type":"ImageObject","inLanguage":"fr-FR","@id":"https:\/\/magicienpro-paris.com\/?p=467#primaryimage","url":"https:\/\/magicienpro-paris.com\/wp-content\/uploads\/2023\/10\/MTL_9609.jpg","contentUrl":"https:\/\/magicienpro-paris.com\/wp-content\/uploads\/2023\/10\/MTL_9609.jpg","width":960,"height":640,"caption":"mentalisme mariage"},{"@type":"BreadcrumbList","@id":"https:\/\/magicienpro-paris.com\/?p=467#breadcrumb","itemListElement":[{"@type":"ListItem","position":1,"name":"Accueil","item":"https:\/\/magicienpro-paris.com\/"},{"@type":"ListItem","position":2,"name":"Mentaliste \u00e0 Versailles"}]},{"@type":"WebSite","@id":"https:\/\/magicienpro-paris.com\/#website","url":"https:\/\/magicienpro-paris.com\/","name":"Gr\u00e9gory DEL RIO","description":"Votre magicien professionnel pour vos \u00e9v\u00e8nements","publisher":{"@id":"https:\/\/magicienpro-paris.com\/#\/schema\/person\/d4073c3100e8531a5b3e8a4607056746"},"potentialAction":[{"@type":"SearchAction","target":{"@type":"EntryPoint","urlTemplate":"https:\/\/magicienpro-paris.com\/?s={search_term_string}"},"query-input":{"@type":"PropertyValueSpecification","valueRequired":true,"valueName":"search_term_string"}}],"inLanguage":"fr-FR"},{"@type":["Person","Organization"],"@id":"https:\/\/magicienpro-paris.com\/#\/schema\/person\/d4073c3100e8531a5b3e8a4607056746","name":"magicienproparis@gmail.com","image":{"@type":"ImageObject","inLanguage":"fr-FR","@id":"https:\/\/magicienpro-paris.com\/#\/schema\/person\/image\/","url":"https:\/\/magicienpro-paris.com\/wp-content\/uploads\/2024\/09\/Logo-Gregory-DEL-RIO.png","contentUrl":"https:\/\/magicienpro-paris.com\/wp-content\/uploads\/2024\/09\/Logo-Gregory-DEL-RIO.png","width":2908,"height":1161,"caption":"magicienproparis@gmail.com"},"logo":{"@id":"https:\/\/magicienpro-paris.com\/#\/schema\/person\/image\/"}},{"@type":"Person","@id":"https:\/\/magicienpro-paris.com\/#\/schema\/person\/8ce90070d156b61675fa89c05b204f0e","name":"admin","image":{"@type":"ImageObject","inLanguage":"fr-FR","@id":"https:\/\/magicienpro-paris.com\/#\/schema\/person\/image\/","url":"https:\/\/magicienpro-paris.com\/wp-content\/litespeed\/avatar\/6337c726d188d95cccc98a98044a8aea.jpg?ver=1777400806","contentUrl":"https:\/\/magicienpro-paris.com\/wp-content\/litespeed\/avatar\/6337c726d188d95cccc98a98044a8aea.jpg?ver=1777400806","caption":"admin"},"sameAs":["https:\/\/magicienpro-paris.com"]}]}},"_links":{"self":[{"href":"https:\/\/magicienpro-paris.com\/index.php?rest_route=\/wp\/v2\/posts\/467","targetHints":{"allow":["GET"]}}],"collection":[{"href":"https:\/\/magicienpro-paris.com\/index.php?rest_route=\/wp\/v2\/posts"}],"about":[{"href":"https:\/\/magicienpro-paris.com\/index.php?rest_route=\/wp\/v2\/types\/post"}],"author":[{"embeddable":true,"href":"https:\/\/magicienpro-paris.com\/index.php?rest_route=\/wp\/v2\/users\/1"}],"replies":[{"embeddable":true,"href":"https:\/\/magicienpro-paris.com\/index.php?rest_route=%2Fwp%2Fv2%2Fcomments&post=467"}],"version-history":[{"count":1,"href":"https:\/\/magicienpro-paris.com\/index.php?rest_route=\/wp\/v2\/posts\/467\/revisions"}],"predecessor-version":[{"id":468,"href":"https:\/\/magicienpro-paris.com\/index.php?rest_route=\/wp\/v2\/posts\/467\/revisions\/468"}],"wp:featuredmedia":[{"embeddable":true,"href":"https:\/\/magicienpro-paris.com\/index.php?rest_route=\/wp\/v2\/media\/35"}],"wp:attachment":[{"href":"https:\/\/magicienpro-paris.com\/index.php?rest_route=%2Fwp%2Fv2%2Fmedia&parent=467"}],"wp:term":[{"taxonomy":"category","embeddable":true,"href":"https:\/\/magicienpro-paris.com\/index.php?rest_route=%2Fwp%2Fv2%2Fcategories&post=467"},{"taxonomy":"post_tag","embeddable":true,"href":"https:\/\/magicienpro-paris.com\/index.php?rest_route=%2Fwp%2Fv2%2Ftags&post=467"}],"curies":[{"name":"wp","href":"https:\/\/api.w.org\/{rel}","templated":true}]}}