{"id":469,"date":"2024-06-06T12:39:47","date_gmt":"2024-06-06T10:39:47","guid":{"rendered":"https:\/\/magicienpro-paris.com\/?p=469"},"modified":"2024-06-18T12:40:31","modified_gmt":"2024-06-18T10:40:31","slug":"mentaliste-dans-les-yvelines","status":"publish","type":"post","link":"https:\/\/magicienpro-paris.com\/?p=469","title":{"rendered":"Mentaliste dans les Yvelines"},"content":{"rendered":"\n<p>Gr\u00e9gory DEL RIO, votre mentaliste 78 sera ce soir mentaliste close up \u00e0 Thoiry. Mentaliste Thoiry 78, Gr\u00e9gory DEL RIO est sollicit\u00e9 pour les 30 ans de cette grande enseigne fran\u00e7aise afin de sublimer cet \u00e9v\u00e8nement tout en lui apportant une touche marquante.&nbsp;<\/p>\n\n\n\n<p>Un anniversaire d\u2019entreprise n\u2019est pas \u00e0 prendre \u00e0 la l\u00e9g\u00e8re, chaque artiste doit \u00eatre choisi avec soin pour que cet anniversaire entreprise 78 soit le mieux r\u00e9ussi. Les mentalistes capable d\u2019assurer ce genre d\u2019\u00e9v\u00e8nement sont rares. Gr\u00e9gory DEL RIO, mentaliste 78 et magicien close up 78 est un des rare mentaliste Thoiry \u00e0 \u00eatre en mesure d\u2019assurer ce type de prestation de haut vol.&nbsp;<\/p>\n\n\n\n<p>Faire confiance \u00e0 votre mentaliste 78 pour assurer votre prochain \u00e9v\u00e8nement de prestige s\u2019est vous assurer que votre \u00e9v\u00e8nement 78 sera r\u00e9ussi.&nbsp;<\/p>\n","protected":false},"excerpt":{"rendered":"<p>Gr\u00e9gory DEL RIO, votre mentaliste 78 sera ce soir mentaliste close up \u00e0 Thoiry. Mentaliste Thoiry 78, Gr\u00e9gory DEL RIO est sollicit\u00e9 pour les 30 ans de cette grande enseigne fran\u00e7aise afin de sublimer cet \u00e9v\u00e8nement tout en lui apportant une touche marquante.&nbsp; Un anniversaire d\u2019entreprise n\u2019est pas \u00e0 prendre \u00e0 la l\u00e9g\u00e8re, chaque artiste [&hellip;]<\/p>\n","protected":false},"author":1,"featured_media":39,"comment_status":"closed","ping_status":"closed","sticky":false,"template":"","format":"standard","meta":{"footnotes":""},"categories":[1],"tags":[],"class_list":["post-469","post","type-post","status-publish","format-standard","has-post-thumbnail","hentry","category-sans-categorie"],"yoast_head":"<!-- This site is optimized with the Yoast SEO plugin v26.1.1 - https:\/\/yoast.com\/wordpress\/plugins\/seo\/ -->\n<title>Mentaliste dans les Yvelines - Gr\u00e9gory DEL RIO<\/title>\n<meta name=\"robots\" content=\"index, follow, max-snippet:-1, max-image-preview:large, max-video-preview:-1\" \/>\n<link rel=\"canonical\" href=\"https:\/\/magicienpro-paris.com\/?p=469\" \/>\n<meta property=\"og:locale\" content=\"fr_FR\" \/>\n<meta property=\"og:type\" content=\"article\" \/>\n<meta property=\"og:title\" content=\"Mentaliste dans les Yvelines - Gr\u00e9gory DEL RIO\" \/>\n<meta property=\"og:description\" content=\"Gr\u00e9gory DEL RIO, votre mentaliste 78 sera ce soir mentaliste close up \u00e0 Thoiry. Mentaliste Thoiry 78, Gr\u00e9gory DEL RIO est sollicit\u00e9 pour les 30 ans de cette grande enseigne fran\u00e7aise afin de sublimer cet \u00e9v\u00e8nement tout en lui apportant une touche marquante.&nbsp; Un anniversaire d\u2019entreprise n\u2019est pas \u00e0 prendre \u00e0 la l\u00e9g\u00e8re, chaque artiste [&hellip;]\" \/>\n<meta property=\"og:url\" content=\"https:\/\/magicienpro-paris.com\/?p=469\" \/>\n<meta property=\"og:site_name\" content=\"Gr\u00e9gory DEL RIO\" \/>\n<meta property=\"article:published_time\" content=\"2024-06-06T10:39:47+00:00\" \/>\n<meta property=\"article:modified_time\" content=\"2024-06-18T10:40:31+00:00\" \/>\n<meta property=\"og:image\" content=\"https:\/\/magicienpro-paris.com\/wp-content\/uploads\/2023\/10\/EBOOKINGPHOTO-MARIAGE.-1325-scaled.jpg\" \/>\n\t<meta property=\"og:image:width\" content=\"2560\" \/>\n\t<meta property=\"og:image:height\" content=\"1707\" \/>\n\t<meta property=\"og:image:type\" content=\"image\/jpeg\" \/>\n<meta name=\"author\" content=\"admin\" \/>\n<meta name=\"twitter:card\" content=\"summary_large_image\" \/>\n<meta name=\"twitter:label1\" content=\"\u00c9crit par\" \/>\n\t<meta name=\"twitter:data1\" content=\"admin\" \/>\n\t<meta name=\"twitter:label2\" content=\"Dur\u00e9e de lecture estim\u00e9e\" \/>\n\t<meta name=\"twitter:data2\" content=\"1 minute\" \/>\n<script type=\"application\/ld+json\" class=\"yoast-schema-graph\">{\"@context\":\"https:\/\/schema.org\",\"@graph\":[{\"@type\":\"Article\",\"@id\":\"https:\/\/magicienpro-paris.com\/?p=469#article\",\"isPartOf\":{\"@id\":\"https:\/\/magicienpro-paris.com\/?p=469\"},\"author\":{\"name\":\"admin\",\"@id\":\"https:\/\/magicienpro-paris.com\/#\/schema\/person\/8ce90070d156b61675fa89c05b204f0e\"},\"headline\":\"Mentaliste dans les Yvelines\",\"datePublished\":\"2024-06-06T10:39:47+00:00\",\"dateModified\":\"2024-06-18T10:40:31+00:00\",\"mainEntityOfPage\":{\"@id\":\"https:\/\/magicienpro-paris.com\/?p=469\"},\"wordCount\":141,\"publisher\":{\"@id\":\"https:\/\/magicienpro-paris.com\/#\/schema\/person\/d4073c3100e8531a5b3e8a4607056746\"},\"image\":{\"@id\":\"https:\/\/magicienpro-paris.com\/?p=469#primaryimage\"},\"thumbnailUrl\":\"https:\/\/magicienpro-paris.com\/wp-content\/uploads\/2023\/10\/EBOOKINGPHOTO-MARIAGE.-1325-scaled.jpg\",\"articleSection\":[\"Sans cat\u00e9gorie\"],\"inLanguage\":\"fr-FR\"},{\"@type\":\"WebPage\",\"@id\":\"https:\/\/magicienpro-paris.com\/?p=469\",\"url\":\"https:\/\/magicienpro-paris.com\/?p=469\",\"name\":\"Mentaliste dans les Yvelines - Gr\u00e9gory DEL RIO\",\"isPartOf\":{\"@id\":\"https:\/\/magicienpro-paris.com\/#website\"},\"primaryImageOfPage\":{\"@id\":\"https:\/\/magicienpro-paris.com\/?p=469#primaryimage\"},\"image\":{\"@id\":\"https:\/\/magicienpro-paris.com\/?p=469#primaryimage\"},\"thumbnailUrl\":\"https:\/\/magicienpro-paris.com\/wp-content\/uploads\/2023\/10\/EBOOKINGPHOTO-MARIAGE.-1325-scaled.jpg\",\"datePublished\":\"2024-06-06T10:39:47+00:00\",\"dateModified\":\"2024-06-18T10:40:31+00:00\",\"breadcrumb\":{\"@id\":\"https:\/\/magicienpro-paris.com\/?p=469#breadcrumb\"},\"inLanguage\":\"fr-FR\",\"potentialAction\":[{\"@type\":\"ReadAction\",\"target\":[\"https:\/\/magicienpro-paris.com\/?p=469\"]}]},{\"@type\":\"ImageObject\",\"inLanguage\":\"fr-FR\",\"@id\":\"https:\/\/magicienpro-paris.com\/?p=469#primaryimage\",\"url\":\"https:\/\/magicienpro-paris.com\/wp-content\/uploads\/2023\/10\/EBOOKINGPHOTO-MARIAGE.-1325-scaled.jpg\",\"contentUrl\":\"https:\/\/magicienpro-paris.com\/wp-content\/uploads\/2023\/10\/EBOOKINGPHOTO-MARIAGE.-1325-scaled.jpg\",\"width\":2560,\"height\":1707,\"caption\":\"magicien mariage priv\u00e9e\"},{\"@type\":\"BreadcrumbList\",\"@id\":\"https:\/\/magicienpro-paris.com\/?p=469#breadcrumb\",\"itemListElement\":[{\"@type\":\"ListItem\",\"position\":1,\"name\":\"Accueil\",\"item\":\"https:\/\/magicienpro-paris.com\/\"},{\"@type\":\"ListItem\",\"position\":2,\"name\":\"Mentaliste dans les Yvelines\"}]},{\"@type\":\"WebSite\",\"@id\":\"https:\/\/magicienpro-paris.com\/#website\",\"url\":\"https:\/\/magicienpro-paris.com\/\",\"name\":\"Gr\u00e9gory DEL RIO\",\"description\":\"Votre magicien professionnel pour vos \u00e9v\u00e8nements\",\"publisher\":{\"@id\":\"https:\/\/magicienpro-paris.com\/#\/schema\/person\/d4073c3100e8531a5b3e8a4607056746\"},\"potentialAction\":[{\"@type\":\"SearchAction\",\"target\":{\"@type\":\"EntryPoint\",\"urlTemplate\":\"https:\/\/magicienpro-paris.com\/?s={search_term_string}\"},\"query-input\":{\"@type\":\"PropertyValueSpecification\",\"valueRequired\":true,\"valueName\":\"search_term_string\"}}],\"inLanguage\":\"fr-FR\"},{\"@type\":[\"Person\",\"Organization\"],\"@id\":\"https:\/\/magicienpro-paris.com\/#\/schema\/person\/d4073c3100e8531a5b3e8a4607056746\",\"name\":\"magicienproparis@gmail.com\",\"image\":{\"@type\":\"ImageObject\",\"inLanguage\":\"fr-FR\",\"@id\":\"https:\/\/magicienpro-paris.com\/#\/schema\/person\/image\/\",\"url\":\"https:\/\/magicienpro-paris.com\/wp-content\/uploads\/2024\/09\/Logo-Gregory-DEL-RIO.png\",\"contentUrl\":\"https:\/\/magicienpro-paris.com\/wp-content\/uploads\/2024\/09\/Logo-Gregory-DEL-RIO.png\",\"width\":2908,\"height\":1161,\"caption\":\"magicienproparis@gmail.com\"},\"logo\":{\"@id\":\"https:\/\/magicienpro-paris.com\/#\/schema\/person\/image\/\"}},{\"@type\":\"Person\",\"@id\":\"https:\/\/magicienpro-paris.com\/#\/schema\/person\/8ce90070d156b61675fa89c05b204f0e\",\"name\":\"admin\",\"image\":{\"@type\":\"ImageObject\",\"inLanguage\":\"fr-FR\",\"@id\":\"https:\/\/magicienpro-paris.com\/#\/schema\/person\/image\/\",\"url\":\"https:\/\/magicienpro-paris.com\/wp-content\/litespeed\/avatar\/6337c726d188d95cccc98a98044a8aea.jpg?ver=1777400806\",\"contentUrl\":\"https:\/\/magicienpro-paris.com\/wp-content\/litespeed\/avatar\/6337c726d188d95cccc98a98044a8aea.jpg?ver=1777400806\",\"caption\":\"admin\"},\"sameAs\":[\"https:\/\/magicienpro-paris.com\"]}]}<\/script>\n<!-- \/ Yoast SEO plugin. -->","yoast_head_json":{"title":"Mentaliste dans les Yvelines - Gr\u00e9gory DEL RIO","robots":{"index":"index","follow":"follow","max-snippet":"max-snippet:-1","max-image-preview":"max-image-preview:large","max-video-preview":"max-video-preview:-1"},"canonical":"https:\/\/magicienpro-paris.com\/?p=469","og_locale":"fr_FR","og_type":"article","og_title":"Mentaliste dans les Yvelines - Gr\u00e9gory DEL RIO","og_description":"Gr\u00e9gory DEL RIO, votre mentaliste 78 sera ce soir mentaliste close up \u00e0 Thoiry. Mentaliste Thoiry 78, Gr\u00e9gory DEL RIO est sollicit\u00e9 pour les 30 ans de cette grande enseigne fran\u00e7aise afin de sublimer cet \u00e9v\u00e8nement tout en lui apportant une touche marquante.&nbsp; Un anniversaire d\u2019entreprise n\u2019est pas \u00e0 prendre \u00e0 la l\u00e9g\u00e8re, chaque artiste [&hellip;]","og_url":"https:\/\/magicienpro-paris.com\/?p=469","og_site_name":"Gr\u00e9gory DEL RIO","article_published_time":"2024-06-06T10:39:47+00:00","article_modified_time":"2024-06-18T10:40:31+00:00","og_image":[{"width":2560,"height":1707,"url":"https:\/\/magicienpro-paris.com\/wp-content\/uploads\/2023\/10\/EBOOKINGPHOTO-MARIAGE.-1325-scaled.jpg","type":"image\/jpeg"}],"author":"admin","twitter_card":"summary_large_image","twitter_misc":{"\u00c9crit par":"admin","Dur\u00e9e de lecture estim\u00e9e":"1 minute"},"schema":{"@context":"https:\/\/schema.org","@graph":[{"@type":"Article","@id":"https:\/\/magicienpro-paris.com\/?p=469#article","isPartOf":{"@id":"https:\/\/magicienpro-paris.com\/?p=469"},"author":{"name":"admin","@id":"https:\/\/magicienpro-paris.com\/#\/schema\/person\/8ce90070d156b61675fa89c05b204f0e"},"headline":"Mentaliste dans les Yvelines","datePublished":"2024-06-06T10:39:47+00:00","dateModified":"2024-06-18T10:40:31+00:00","mainEntityOfPage":{"@id":"https:\/\/magicienpro-paris.com\/?p=469"},"wordCount":141,"publisher":{"@id":"https:\/\/magicienpro-paris.com\/#\/schema\/person\/d4073c3100e8531a5b3e8a4607056746"},"image":{"@id":"https:\/\/magicienpro-paris.com\/?p=469#primaryimage"},"thumbnailUrl":"https:\/\/magicienpro-paris.com\/wp-content\/uploads\/2023\/10\/EBOOKINGPHOTO-MARIAGE.-1325-scaled.jpg","articleSection":["Sans cat\u00e9gorie"],"inLanguage":"fr-FR"},{"@type":"WebPage","@id":"https:\/\/magicienpro-paris.com\/?p=469","url":"https:\/\/magicienpro-paris.com\/?p=469","name":"Mentaliste dans les Yvelines - Gr\u00e9gory DEL RIO","isPartOf":{"@id":"https:\/\/magicienpro-paris.com\/#website"},"primaryImageOfPage":{"@id":"https:\/\/magicienpro-paris.com\/?p=469#primaryimage"},"image":{"@id":"https:\/\/magicienpro-paris.com\/?p=469#primaryimage"},"thumbnailUrl":"https:\/\/magicienpro-paris.com\/wp-content\/uploads\/2023\/10\/EBOOKINGPHOTO-MARIAGE.-1325-scaled.jpg","datePublished":"2024-06-06T10:39:47+00:00","dateModified":"2024-06-18T10:40:31+00:00","breadcrumb":{"@id":"https:\/\/magicienpro-paris.com\/?p=469#breadcrumb"},"inLanguage":"fr-FR","potentialAction":[{"@type":"ReadAction","target":["https:\/\/magicienpro-paris.com\/?p=469"]}]},{"@type":"ImageObject","inLanguage":"fr-FR","@id":"https:\/\/magicienpro-paris.com\/?p=469#primaryimage","url":"https:\/\/magicienpro-paris.com\/wp-content\/uploads\/2023\/10\/EBOOKINGPHOTO-MARIAGE.-1325-scaled.jpg","contentUrl":"https:\/\/magicienpro-paris.com\/wp-content\/uploads\/2023\/10\/EBOOKINGPHOTO-MARIAGE.-1325-scaled.jpg","width":2560,"height":1707,"caption":"magicien mariage priv\u00e9e"},{"@type":"BreadcrumbList","@id":"https:\/\/magicienpro-paris.com\/?p=469#breadcrumb","itemListElement":[{"@type":"ListItem","position":1,"name":"Accueil","item":"https:\/\/magicienpro-paris.com\/"},{"@type":"ListItem","position":2,"name":"Mentaliste dans les Yvelines"}]},{"@type":"WebSite","@id":"https:\/\/magicienpro-paris.com\/#website","url":"https:\/\/magicienpro-paris.com\/","name":"Gr\u00e9gory DEL RIO","description":"Votre magicien professionnel pour vos \u00e9v\u00e8nements","publisher":{"@id":"https:\/\/magicienpro-paris.com\/#\/schema\/person\/d4073c3100e8531a5b3e8a4607056746"},"potentialAction":[{"@type":"SearchAction","target":{"@type":"EntryPoint","urlTemplate":"https:\/\/magicienpro-paris.com\/?s={search_term_string}"},"query-input":{"@type":"PropertyValueSpecification","valueRequired":true,"valueName":"search_term_string"}}],"inLanguage":"fr-FR"},{"@type":["Person","Organization"],"@id":"https:\/\/magicienpro-paris.com\/#\/schema\/person\/d4073c3100e8531a5b3e8a4607056746","name":"magicienproparis@gmail.com","image":{"@type":"ImageObject","inLanguage":"fr-FR","@id":"https:\/\/magicienpro-paris.com\/#\/schema\/person\/image\/","url":"https:\/\/magicienpro-paris.com\/wp-content\/uploads\/2024\/09\/Logo-Gregory-DEL-RIO.png","contentUrl":"https:\/\/magicienpro-paris.com\/wp-content\/uploads\/2024\/09\/Logo-Gregory-DEL-RIO.png","width":2908,"height":1161,"caption":"magicienproparis@gmail.com"},"logo":{"@id":"https:\/\/magicienpro-paris.com\/#\/schema\/person\/image\/"}},{"@type":"Person","@id":"https:\/\/magicienpro-paris.com\/#\/schema\/person\/8ce90070d156b61675fa89c05b204f0e","name":"admin","image":{"@type":"ImageObject","inLanguage":"fr-FR","@id":"https:\/\/magicienpro-paris.com\/#\/schema\/person\/image\/","url":"https:\/\/magicienpro-paris.com\/wp-content\/litespeed\/avatar\/6337c726d188d95cccc98a98044a8aea.jpg?ver=1777400806","contentUrl":"https:\/\/magicienpro-paris.com\/wp-content\/litespeed\/avatar\/6337c726d188d95cccc98a98044a8aea.jpg?ver=1777400806","caption":"admin"},"sameAs":["https:\/\/magicienpro-paris.com"]}]}},"_links":{"self":[{"href":"https:\/\/magicienpro-paris.com\/index.php?rest_route=\/wp\/v2\/posts\/469","targetHints":{"allow":["GET"]}}],"collection":[{"href":"https:\/\/magicienpro-paris.com\/index.php?rest_route=\/wp\/v2\/posts"}],"about":[{"href":"https:\/\/magicienpro-paris.com\/index.php?rest_route=\/wp\/v2\/types\/post"}],"author":[{"embeddable":true,"href":"https:\/\/magicienpro-paris.com\/index.php?rest_route=\/wp\/v2\/users\/1"}],"replies":[{"embeddable":true,"href":"https:\/\/magicienpro-paris.com\/index.php?rest_route=%2Fwp%2Fv2%2Fcomments&post=469"}],"version-history":[{"count":1,"href":"https:\/\/magicienpro-paris.com\/index.php?rest_route=\/wp\/v2\/posts\/469\/revisions"}],"predecessor-version":[{"id":470,"href":"https:\/\/magicienpro-paris.com\/index.php?rest_route=\/wp\/v2\/posts\/469\/revisions\/470"}],"wp:featuredmedia":[{"embeddable":true,"href":"https:\/\/magicienpro-paris.com\/index.php?rest_route=\/wp\/v2\/media\/39"}],"wp:attachment":[{"href":"https:\/\/magicienpro-paris.com\/index.php?rest_route=%2Fwp%2Fv2%2Fmedia&parent=469"}],"wp:term":[{"taxonomy":"category","embeddable":true,"href":"https:\/\/magicienpro-paris.com\/index.php?rest_route=%2Fwp%2Fv2%2Fcategories&post=469"},{"taxonomy":"post_tag","embeddable":true,"href":"https:\/\/magicienpro-paris.com\/index.php?rest_route=%2Fwp%2Fv2%2Ftags&post=469"}],"curies":[{"name":"wp","href":"https:\/\/api.w.org\/{rel}","templated":true}]}}