{"id":471,"date":"2024-06-09T12:40:36","date_gmt":"2024-06-09T10:40:36","guid":{"rendered":"https:\/\/magicienpro-paris.com\/?p=471"},"modified":"2025-05-06T17:42:33","modified_gmt":"2025-05-06T15:42:33","slug":"mentaliste-dans-loise","status":"publish","type":"post","link":"https:\/\/magicienpro-paris.com\/?p=471","title":{"rendered":"Mentaliste dans l&#8217;Oise"},"content":{"rendered":"\n<p>Mentaliste 60 Oise, Gr\u00e9gory Del Rio sera Mentaliste Compi\u00e8gne et hypnotiseur de spectacle Compi\u00e8gne pour un autre \u00e9v\u00e8nement prestigieux dans l\u2019Oise. A la fois mentaliste en close up durant le repas des convives et mentaliste sur sc\u00e8ne Oise apr\u00e8s le d\u00e9jeuner, c\u2019est encore avec sa formule compl\u00e8te que Gr\u00e9gory DEL RIO s\u00e9vira \u00e0 nouveau pour des clients enchant\u00e9s.&nbsp;<\/p>\n\n\n\n<p>Ce mentaliste de Compi\u00e8gne et magicien Oise 60 est aujourd\u2019hui le plus sollicit\u00e9 de la profession dans l\u2019Oise et en tant que mentaliste haut de France tant par l\u2019impact de ses spectacles que par son humour, son charisme et son \u00e9l\u00e9gance.&nbsp;<\/p>\n\n\n\n<p>R\u00e9servez votre mentaliste dans l\u2019Oise sur\u00a0<a href=\"https:\/\/magicienpro-paris.com\/\" target=\"_blank\" rel=\"noreferrer noopener\">magicienpro-paris.com<\/a><\/p>\n","protected":false},"excerpt":{"rendered":"<p>Mentaliste 60 Oise, Gr\u00e9gory Del Rio sera Mentaliste Compi\u00e8gne et hypnotiseur de spectacle Compi\u00e8gne pour un autre \u00e9v\u00e8nement prestigieux dans l\u2019Oise. A la fois mentaliste en close up durant le repas des convives et mentaliste sur sc\u00e8ne Oise apr\u00e8s le d\u00e9jeuner, c\u2019est encore avec sa formule compl\u00e8te que Gr\u00e9gory DEL RIO s\u00e9vira \u00e0 nouveau pour [&hellip;]<\/p>\n","protected":false},"author":1,"featured_media":37,"comment_status":"closed","ping_status":"closed","sticky":false,"template":"","format":"standard","meta":{"footnotes":""},"categories":[1],"tags":[],"class_list":["post-471","post","type-post","status-publish","format-standard","has-post-thumbnail","hentry","category-sans-categorie"],"yoast_head":"<!-- This site is optimized with the Yoast SEO plugin v26.1.1 - https:\/\/yoast.com\/wordpress\/plugins\/seo\/ -->\n<title>Mentaliste dans l&#039;Oise - Gr\u00e9gory DEL RIO<\/title>\n<meta name=\"robots\" content=\"index, follow, max-snippet:-1, max-image-preview:large, max-video-preview:-1\" \/>\n<link rel=\"canonical\" href=\"https:\/\/magicienpro-paris.com\/?p=471\" \/>\n<meta property=\"og:locale\" content=\"fr_FR\" \/>\n<meta property=\"og:type\" content=\"article\" \/>\n<meta property=\"og:title\" content=\"Mentaliste dans l&#039;Oise - Gr\u00e9gory DEL RIO\" \/>\n<meta property=\"og:description\" content=\"Mentaliste 60 Oise, Gr\u00e9gory Del Rio sera Mentaliste Compi\u00e8gne et hypnotiseur de spectacle Compi\u00e8gne pour un autre \u00e9v\u00e8nement prestigieux dans l\u2019Oise. A la fois mentaliste en close up durant le repas des convives et mentaliste sur sc\u00e8ne Oise apr\u00e8s le d\u00e9jeuner, c\u2019est encore avec sa formule compl\u00e8te que Gr\u00e9gory DEL RIO s\u00e9vira \u00e0 nouveau pour [&hellip;]\" \/>\n<meta property=\"og:url\" content=\"https:\/\/magicienpro-paris.com\/?p=471\" \/>\n<meta property=\"og:site_name\" content=\"Gr\u00e9gory DEL RIO\" \/>\n<meta property=\"article:published_time\" content=\"2024-06-09T10:40:36+00:00\" \/>\n<meta property=\"article:modified_time\" content=\"2025-05-06T15:42:33+00:00\" \/>\n<meta property=\"og:image\" content=\"https:\/\/magicienpro-paris.com\/wp-content\/uploads\/2023\/10\/NIK_4263.jpg\" \/>\n\t<meta property=\"og:image:width\" content=\"959\" \/>\n\t<meta property=\"og:image:height\" content=\"640\" \/>\n\t<meta property=\"og:image:type\" content=\"image\/jpeg\" \/>\n<meta name=\"author\" content=\"admin\" \/>\n<meta name=\"twitter:card\" content=\"summary_large_image\" \/>\n<meta name=\"twitter:label1\" content=\"\u00c9crit par\" \/>\n\t<meta name=\"twitter:data1\" content=\"admin\" \/>\n\t<meta name=\"twitter:label2\" content=\"Dur\u00e9e de lecture estim\u00e9e\" \/>\n\t<meta name=\"twitter:data2\" content=\"1 minute\" \/>\n<script type=\"application\/ld+json\" class=\"yoast-schema-graph\">{\"@context\":\"https:\/\/schema.org\",\"@graph\":[{\"@type\":\"Article\",\"@id\":\"https:\/\/magicienpro-paris.com\/?p=471#article\",\"isPartOf\":{\"@id\":\"https:\/\/magicienpro-paris.com\/?p=471\"},\"author\":{\"name\":\"admin\",\"@id\":\"https:\/\/magicienpro-paris.com\/#\/schema\/person\/8ce90070d156b61675fa89c05b204f0e\"},\"headline\":\"Mentaliste dans l&#8217;Oise\",\"datePublished\":\"2024-06-09T10:40:36+00:00\",\"dateModified\":\"2025-05-06T15:42:33+00:00\",\"mainEntityOfPage\":{\"@id\":\"https:\/\/magicienpro-paris.com\/?p=471\"},\"wordCount\":130,\"publisher\":{\"@id\":\"https:\/\/magicienpro-paris.com\/#\/schema\/person\/d4073c3100e8531a5b3e8a4607056746\"},\"image\":{\"@id\":\"https:\/\/magicienpro-paris.com\/?p=471#primaryimage\"},\"thumbnailUrl\":\"https:\/\/magicienpro-paris.com\/wp-content\/uploads\/2023\/10\/NIK_4263.jpg\",\"articleSection\":[\"Sans cat\u00e9gorie\"],\"inLanguage\":\"fr-FR\"},{\"@type\":\"WebPage\",\"@id\":\"https:\/\/magicienpro-paris.com\/?p=471\",\"url\":\"https:\/\/magicienpro-paris.com\/?p=471\",\"name\":\"Mentaliste dans l'Oise - Gr\u00e9gory DEL RIO\",\"isPartOf\":{\"@id\":\"https:\/\/magicienpro-paris.com\/#website\"},\"primaryImageOfPage\":{\"@id\":\"https:\/\/magicienpro-paris.com\/?p=471#primaryimage\"},\"image\":{\"@id\":\"https:\/\/magicienpro-paris.com\/?p=471#primaryimage\"},\"thumbnailUrl\":\"https:\/\/magicienpro-paris.com\/wp-content\/uploads\/2023\/10\/NIK_4263.jpg\",\"datePublished\":\"2024-06-09T10:40:36+00:00\",\"dateModified\":\"2025-05-06T15:42:33+00:00\",\"breadcrumb\":{\"@id\":\"https:\/\/magicienpro-paris.com\/?p=471#breadcrumb\"},\"inLanguage\":\"fr-FR\",\"potentialAction\":[{\"@type\":\"ReadAction\",\"target\":[\"https:\/\/magicienpro-paris.com\/?p=471\"]}]},{\"@type\":\"ImageObject\",\"inLanguage\":\"fr-FR\",\"@id\":\"https:\/\/magicienpro-paris.com\/?p=471#primaryimage\",\"url\":\"https:\/\/magicienpro-paris.com\/wp-content\/uploads\/2023\/10\/NIK_4263.jpg\",\"contentUrl\":\"https:\/\/magicienpro-paris.com\/wp-content\/uploads\/2023\/10\/NIK_4263.jpg\",\"width\":959,\"height\":640,\"caption\":\"magicien mentaliste en representation\"},{\"@type\":\"BreadcrumbList\",\"@id\":\"https:\/\/magicienpro-paris.com\/?p=471#breadcrumb\",\"itemListElement\":[{\"@type\":\"ListItem\",\"position\":1,\"name\":\"Accueil\",\"item\":\"https:\/\/magicienpro-paris.com\/\"},{\"@type\":\"ListItem\",\"position\":2,\"name\":\"Mentaliste dans l&#8217;Oise\"}]},{\"@type\":\"WebSite\",\"@id\":\"https:\/\/magicienpro-paris.com\/#website\",\"url\":\"https:\/\/magicienpro-paris.com\/\",\"name\":\"Gr\u00e9gory DEL RIO\",\"description\":\"Votre magicien professionnel pour vos \u00e9v\u00e8nements\",\"publisher\":{\"@id\":\"https:\/\/magicienpro-paris.com\/#\/schema\/person\/d4073c3100e8531a5b3e8a4607056746\"},\"potentialAction\":[{\"@type\":\"SearchAction\",\"target\":{\"@type\":\"EntryPoint\",\"urlTemplate\":\"https:\/\/magicienpro-paris.com\/?s={search_term_string}\"},\"query-input\":{\"@type\":\"PropertyValueSpecification\",\"valueRequired\":true,\"valueName\":\"search_term_string\"}}],\"inLanguage\":\"fr-FR\"},{\"@type\":[\"Person\",\"Organization\"],\"@id\":\"https:\/\/magicienpro-paris.com\/#\/schema\/person\/d4073c3100e8531a5b3e8a4607056746\",\"name\":\"magicienproparis@gmail.com\",\"image\":{\"@type\":\"ImageObject\",\"inLanguage\":\"fr-FR\",\"@id\":\"https:\/\/magicienpro-paris.com\/#\/schema\/person\/image\/\",\"url\":\"https:\/\/magicienpro-paris.com\/wp-content\/uploads\/2024\/09\/Logo-Gregory-DEL-RIO.png\",\"contentUrl\":\"https:\/\/magicienpro-paris.com\/wp-content\/uploads\/2024\/09\/Logo-Gregory-DEL-RIO.png\",\"width\":2908,\"height\":1161,\"caption\":\"magicienproparis@gmail.com\"},\"logo\":{\"@id\":\"https:\/\/magicienpro-paris.com\/#\/schema\/person\/image\/\"}},{\"@type\":\"Person\",\"@id\":\"https:\/\/magicienpro-paris.com\/#\/schema\/person\/8ce90070d156b61675fa89c05b204f0e\",\"name\":\"admin\",\"image\":{\"@type\":\"ImageObject\",\"inLanguage\":\"fr-FR\",\"@id\":\"https:\/\/magicienpro-paris.com\/#\/schema\/person\/image\/\",\"url\":\"https:\/\/magicienpro-paris.com\/wp-content\/litespeed\/avatar\/6337c726d188d95cccc98a98044a8aea.jpg?ver=1777400806\",\"contentUrl\":\"https:\/\/magicienpro-paris.com\/wp-content\/litespeed\/avatar\/6337c726d188d95cccc98a98044a8aea.jpg?ver=1777400806\",\"caption\":\"admin\"},\"sameAs\":[\"https:\/\/magicienpro-paris.com\"]}]}<\/script>\n<!-- \/ Yoast SEO plugin. -->","yoast_head_json":{"title":"Mentaliste dans l'Oise - Gr\u00e9gory DEL RIO","robots":{"index":"index","follow":"follow","max-snippet":"max-snippet:-1","max-image-preview":"max-image-preview:large","max-video-preview":"max-video-preview:-1"},"canonical":"https:\/\/magicienpro-paris.com\/?p=471","og_locale":"fr_FR","og_type":"article","og_title":"Mentaliste dans l'Oise - Gr\u00e9gory DEL RIO","og_description":"Mentaliste 60 Oise, Gr\u00e9gory Del Rio sera Mentaliste Compi\u00e8gne et hypnotiseur de spectacle Compi\u00e8gne pour un autre \u00e9v\u00e8nement prestigieux dans l\u2019Oise. A la fois mentaliste en close up durant le repas des convives et mentaliste sur sc\u00e8ne Oise apr\u00e8s le d\u00e9jeuner, c\u2019est encore avec sa formule compl\u00e8te que Gr\u00e9gory DEL RIO s\u00e9vira \u00e0 nouveau pour [&hellip;]","og_url":"https:\/\/magicienpro-paris.com\/?p=471","og_site_name":"Gr\u00e9gory DEL RIO","article_published_time":"2024-06-09T10:40:36+00:00","article_modified_time":"2025-05-06T15:42:33+00:00","og_image":[{"width":959,"height":640,"url":"https:\/\/magicienpro-paris.com\/wp-content\/uploads\/2023\/10\/NIK_4263.jpg","type":"image\/jpeg"}],"author":"admin","twitter_card":"summary_large_image","twitter_misc":{"\u00c9crit par":"admin","Dur\u00e9e de lecture estim\u00e9e":"1 minute"},"schema":{"@context":"https:\/\/schema.org","@graph":[{"@type":"Article","@id":"https:\/\/magicienpro-paris.com\/?p=471#article","isPartOf":{"@id":"https:\/\/magicienpro-paris.com\/?p=471"},"author":{"name":"admin","@id":"https:\/\/magicienpro-paris.com\/#\/schema\/person\/8ce90070d156b61675fa89c05b204f0e"},"headline":"Mentaliste dans l&#8217;Oise","datePublished":"2024-06-09T10:40:36+00:00","dateModified":"2025-05-06T15:42:33+00:00","mainEntityOfPage":{"@id":"https:\/\/magicienpro-paris.com\/?p=471"},"wordCount":130,"publisher":{"@id":"https:\/\/magicienpro-paris.com\/#\/schema\/person\/d4073c3100e8531a5b3e8a4607056746"},"image":{"@id":"https:\/\/magicienpro-paris.com\/?p=471#primaryimage"},"thumbnailUrl":"https:\/\/magicienpro-paris.com\/wp-content\/uploads\/2023\/10\/NIK_4263.jpg","articleSection":["Sans cat\u00e9gorie"],"inLanguage":"fr-FR"},{"@type":"WebPage","@id":"https:\/\/magicienpro-paris.com\/?p=471","url":"https:\/\/magicienpro-paris.com\/?p=471","name":"Mentaliste dans l'Oise - Gr\u00e9gory DEL RIO","isPartOf":{"@id":"https:\/\/magicienpro-paris.com\/#website"},"primaryImageOfPage":{"@id":"https:\/\/magicienpro-paris.com\/?p=471#primaryimage"},"image":{"@id":"https:\/\/magicienpro-paris.com\/?p=471#primaryimage"},"thumbnailUrl":"https:\/\/magicienpro-paris.com\/wp-content\/uploads\/2023\/10\/NIK_4263.jpg","datePublished":"2024-06-09T10:40:36+00:00","dateModified":"2025-05-06T15:42:33+00:00","breadcrumb":{"@id":"https:\/\/magicienpro-paris.com\/?p=471#breadcrumb"},"inLanguage":"fr-FR","potentialAction":[{"@type":"ReadAction","target":["https:\/\/magicienpro-paris.com\/?p=471"]}]},{"@type":"ImageObject","inLanguage":"fr-FR","@id":"https:\/\/magicienpro-paris.com\/?p=471#primaryimage","url":"https:\/\/magicienpro-paris.com\/wp-content\/uploads\/2023\/10\/NIK_4263.jpg","contentUrl":"https:\/\/magicienpro-paris.com\/wp-content\/uploads\/2023\/10\/NIK_4263.jpg","width":959,"height":640,"caption":"magicien mentaliste en representation"},{"@type":"BreadcrumbList","@id":"https:\/\/magicienpro-paris.com\/?p=471#breadcrumb","itemListElement":[{"@type":"ListItem","position":1,"name":"Accueil","item":"https:\/\/magicienpro-paris.com\/"},{"@type":"ListItem","position":2,"name":"Mentaliste dans l&#8217;Oise"}]},{"@type":"WebSite","@id":"https:\/\/magicienpro-paris.com\/#website","url":"https:\/\/magicienpro-paris.com\/","name":"Gr\u00e9gory DEL RIO","description":"Votre magicien professionnel pour vos \u00e9v\u00e8nements","publisher":{"@id":"https:\/\/magicienpro-paris.com\/#\/schema\/person\/d4073c3100e8531a5b3e8a4607056746"},"potentialAction":[{"@type":"SearchAction","target":{"@type":"EntryPoint","urlTemplate":"https:\/\/magicienpro-paris.com\/?s={search_term_string}"},"query-input":{"@type":"PropertyValueSpecification","valueRequired":true,"valueName":"search_term_string"}}],"inLanguage":"fr-FR"},{"@type":["Person","Organization"],"@id":"https:\/\/magicienpro-paris.com\/#\/schema\/person\/d4073c3100e8531a5b3e8a4607056746","name":"magicienproparis@gmail.com","image":{"@type":"ImageObject","inLanguage":"fr-FR","@id":"https:\/\/magicienpro-paris.com\/#\/schema\/person\/image\/","url":"https:\/\/magicienpro-paris.com\/wp-content\/uploads\/2024\/09\/Logo-Gregory-DEL-RIO.png","contentUrl":"https:\/\/magicienpro-paris.com\/wp-content\/uploads\/2024\/09\/Logo-Gregory-DEL-RIO.png","width":2908,"height":1161,"caption":"magicienproparis@gmail.com"},"logo":{"@id":"https:\/\/magicienpro-paris.com\/#\/schema\/person\/image\/"}},{"@type":"Person","@id":"https:\/\/magicienpro-paris.com\/#\/schema\/person\/8ce90070d156b61675fa89c05b204f0e","name":"admin","image":{"@type":"ImageObject","inLanguage":"fr-FR","@id":"https:\/\/magicienpro-paris.com\/#\/schema\/person\/image\/","url":"https:\/\/magicienpro-paris.com\/wp-content\/litespeed\/avatar\/6337c726d188d95cccc98a98044a8aea.jpg?ver=1777400806","contentUrl":"https:\/\/magicienpro-paris.com\/wp-content\/litespeed\/avatar\/6337c726d188d95cccc98a98044a8aea.jpg?ver=1777400806","caption":"admin"},"sameAs":["https:\/\/magicienpro-paris.com"]}]}},"_links":{"self":[{"href":"https:\/\/magicienpro-paris.com\/index.php?rest_route=\/wp\/v2\/posts\/471","targetHints":{"allow":["GET"]}}],"collection":[{"href":"https:\/\/magicienpro-paris.com\/index.php?rest_route=\/wp\/v2\/posts"}],"about":[{"href":"https:\/\/magicienpro-paris.com\/index.php?rest_route=\/wp\/v2\/types\/post"}],"author":[{"embeddable":true,"href":"https:\/\/magicienpro-paris.com\/index.php?rest_route=\/wp\/v2\/users\/1"}],"replies":[{"embeddable":true,"href":"https:\/\/magicienpro-paris.com\/index.php?rest_route=%2Fwp%2Fv2%2Fcomments&post=471"}],"version-history":[{"count":2,"href":"https:\/\/magicienpro-paris.com\/index.php?rest_route=\/wp\/v2\/posts\/471\/revisions"}],"predecessor-version":[{"id":794,"href":"https:\/\/magicienpro-paris.com\/index.php?rest_route=\/wp\/v2\/posts\/471\/revisions\/794"}],"wp:featuredmedia":[{"embeddable":true,"href":"https:\/\/magicienpro-paris.com\/index.php?rest_route=\/wp\/v2\/media\/37"}],"wp:attachment":[{"href":"https:\/\/magicienpro-paris.com\/index.php?rest_route=%2Fwp%2Fv2%2Fmedia&parent=471"}],"wp:term":[{"taxonomy":"category","embeddable":true,"href":"https:\/\/magicienpro-paris.com\/index.php?rest_route=%2Fwp%2Fv2%2Fcategories&post=471"},{"taxonomy":"post_tag","embeddable":true,"href":"https:\/\/magicienpro-paris.com\/index.php?rest_route=%2Fwp%2Fv2%2Ftags&post=471"}],"curies":[{"name":"wp","href":"https:\/\/api.w.org\/{rel}","templated":true}]}}