{"id":491,"date":"2024-07-13T10:16:39","date_gmt":"2024-07-13T08:16:39","guid":{"rendered":"https:\/\/magicienpro-paris.com\/?p=491"},"modified":"2024-07-15T10:18:17","modified_gmt":"2024-07-15T08:18:17","slug":"mentaliste-de-spectacle-en-picardie","status":"publish","type":"post","link":"https:\/\/magicienpro-paris.com\/?p=491","title":{"rendered":"Mentaliste de spectacle en Picardie"},"content":{"rendered":"\n<p>Mantaliste mariage, Gregory Del Rio est un Mentaliste Picardie unique en son genre. Sa carri\u00e8re internationale l\u2019a amen\u00e9 aux 4 coins du monde mais aujourd\u2019hui, il sera mentaliste soissons pour un \u00e9v\u00e9nement unique.<\/p>\n\n\n\n<p>Gr\u00e9gory mentaliste oise, se d\u00e9place r\u00e9guli\u00e8rement dans l\u2019Aisne pour rendre les \u00e9v\u00e9nements uniques et prestigieux de ce d\u00e9partemental.&nbsp;<\/p>\n","protected":false},"excerpt":{"rendered":"<p>Mantaliste mariage, Gregory Del Rio est un Mentaliste Picardie unique en son genre. Sa carri\u00e8re internationale l\u2019a amen\u00e9 aux 4 coins du monde mais aujourd\u2019hui, il sera mentaliste soissons pour un \u00e9v\u00e9nement unique. Gr\u00e9gory mentaliste oise, se d\u00e9place r\u00e9guli\u00e8rement dans l\u2019Aisne pour rendre les \u00e9v\u00e9nements uniques et prestigieux de ce d\u00e9partemental.&nbsp;<\/p>\n","protected":false},"author":1,"featured_media":61,"comment_status":"closed","ping_status":"closed","sticky":false,"template":"","format":"standard","meta":{"footnotes":""},"categories":[19,1],"tags":[],"class_list":["post-491","post","type-post","status-publish","format-standard","has-post-thumbnail","hentry","category-actualite","category-sans-categorie"],"yoast_head":"<!-- This site is optimized with the Yoast SEO plugin v26.1.1 - https:\/\/yoast.com\/wordpress\/plugins\/seo\/ -->\n<title>Mentaliste de spectacle en Picardie - Gr\u00e9gory DEL RIO<\/title>\n<meta name=\"robots\" content=\"index, follow, max-snippet:-1, max-image-preview:large, max-video-preview:-1\" \/>\n<link rel=\"canonical\" href=\"https:\/\/magicienpro-paris.com\/?p=491\" \/>\n<meta property=\"og:locale\" content=\"fr_FR\" \/>\n<meta property=\"og:type\" content=\"article\" \/>\n<meta property=\"og:title\" content=\"Mentaliste de spectacle en Picardie - Gr\u00e9gory DEL RIO\" \/>\n<meta property=\"og:description\" content=\"Mantaliste mariage, Gregory Del Rio est un Mentaliste Picardie unique en son genre. Sa carri\u00e8re internationale l\u2019a amen\u00e9 aux 4 coins du monde mais aujourd\u2019hui, il sera mentaliste soissons pour un \u00e9v\u00e9nement unique. Gr\u00e9gory mentaliste oise, se d\u00e9place r\u00e9guli\u00e8rement dans l\u2019Aisne pour rendre les \u00e9v\u00e9nements uniques et prestigieux de ce d\u00e9partemental.&nbsp;\" \/>\n<meta property=\"og:url\" content=\"https:\/\/magicienpro-paris.com\/?p=491\" \/>\n<meta property=\"og:site_name\" content=\"Gr\u00e9gory DEL RIO\" \/>\n<meta property=\"article:published_time\" content=\"2024-07-13T08:16:39+00:00\" \/>\n<meta property=\"article:modified_time\" content=\"2024-07-15T08:18:17+00:00\" \/>\n<meta property=\"og:image\" content=\"https:\/\/magicienpro-paris.com\/wp-content\/uploads\/2023\/10\/Magicien-particulier-ceremonie.jpg\" \/>\n\t<meta property=\"og:image:width\" content=\"768\" \/>\n\t<meta property=\"og:image:height\" content=\"1152\" \/>\n\t<meta property=\"og:image:type\" content=\"image\/jpeg\" \/>\n<meta name=\"author\" content=\"admin\" \/>\n<meta name=\"twitter:card\" content=\"summary_large_image\" \/>\n<meta name=\"twitter:label1\" content=\"\u00c9crit par\" \/>\n\t<meta name=\"twitter:data1\" content=\"admin\" \/>\n<script type=\"application\/ld+json\" class=\"yoast-schema-graph\">{\"@context\":\"https:\/\/schema.org\",\"@graph\":[{\"@type\":\"Article\",\"@id\":\"https:\/\/magicienpro-paris.com\/?p=491#article\",\"isPartOf\":{\"@id\":\"https:\/\/magicienpro-paris.com\/?p=491\"},\"author\":{\"name\":\"admin\",\"@id\":\"https:\/\/magicienpro-paris.com\/#\/schema\/person\/8ce90070d156b61675fa89c05b204f0e\"},\"headline\":\"Mentaliste de spectacle en Picardie\",\"datePublished\":\"2024-07-13T08:16:39+00:00\",\"dateModified\":\"2024-07-15T08:18:17+00:00\",\"mainEntityOfPage\":{\"@id\":\"https:\/\/magicienpro-paris.com\/?p=491\"},\"wordCount\":67,\"publisher\":{\"@id\":\"https:\/\/magicienpro-paris.com\/#\/schema\/person\/d4073c3100e8531a5b3e8a4607056746\"},\"image\":{\"@id\":\"https:\/\/magicienpro-paris.com\/?p=491#primaryimage\"},\"thumbnailUrl\":\"https:\/\/magicienpro-paris.com\/wp-content\/uploads\/2023\/10\/Magicien-particulier-ceremonie.jpg\",\"articleSection\":[\"Actualit\u00e9\",\"Sans cat\u00e9gorie\"],\"inLanguage\":\"fr-FR\"},{\"@type\":\"WebPage\",\"@id\":\"https:\/\/magicienpro-paris.com\/?p=491\",\"url\":\"https:\/\/magicienpro-paris.com\/?p=491\",\"name\":\"Mentaliste de spectacle en Picardie - Gr\u00e9gory DEL RIO\",\"isPartOf\":{\"@id\":\"https:\/\/magicienpro-paris.com\/#website\"},\"primaryImageOfPage\":{\"@id\":\"https:\/\/magicienpro-paris.com\/?p=491#primaryimage\"},\"image\":{\"@id\":\"https:\/\/magicienpro-paris.com\/?p=491#primaryimage\"},\"thumbnailUrl\":\"https:\/\/magicienpro-paris.com\/wp-content\/uploads\/2023\/10\/Magicien-particulier-ceremonie.jpg\",\"datePublished\":\"2024-07-13T08:16:39+00:00\",\"dateModified\":\"2024-07-15T08:18:17+00:00\",\"breadcrumb\":{\"@id\":\"https:\/\/magicienpro-paris.com\/?p=491#breadcrumb\"},\"inLanguage\":\"fr-FR\",\"potentialAction\":[{\"@type\":\"ReadAction\",\"target\":[\"https:\/\/magicienpro-paris.com\/?p=491\"]}]},{\"@type\":\"ImageObject\",\"inLanguage\":\"fr-FR\",\"@id\":\"https:\/\/magicienpro-paris.com\/?p=491#primaryimage\",\"url\":\"https:\/\/magicienpro-paris.com\/wp-content\/uploads\/2023\/10\/Magicien-particulier-ceremonie.jpg\",\"contentUrl\":\"https:\/\/magicienpro-paris.com\/wp-content\/uploads\/2023\/10\/Magicien-particulier-ceremonie.jpg\",\"width\":768,\"height\":1152,\"caption\":\"mentaliste priv\u00e9\"},{\"@type\":\"BreadcrumbList\",\"@id\":\"https:\/\/magicienpro-paris.com\/?p=491#breadcrumb\",\"itemListElement\":[{\"@type\":\"ListItem\",\"position\":1,\"name\":\"Accueil\",\"item\":\"https:\/\/magicienpro-paris.com\/\"},{\"@type\":\"ListItem\",\"position\":2,\"name\":\"Mentaliste de spectacle en Picardie\"}]},{\"@type\":\"WebSite\",\"@id\":\"https:\/\/magicienpro-paris.com\/#website\",\"url\":\"https:\/\/magicienpro-paris.com\/\",\"name\":\"Gr\u00e9gory DEL RIO\",\"description\":\"Votre magicien professionnel pour vos \u00e9v\u00e8nements\",\"publisher\":{\"@id\":\"https:\/\/magicienpro-paris.com\/#\/schema\/person\/d4073c3100e8531a5b3e8a4607056746\"},\"potentialAction\":[{\"@type\":\"SearchAction\",\"target\":{\"@type\":\"EntryPoint\",\"urlTemplate\":\"https:\/\/magicienpro-paris.com\/?s={search_term_string}\"},\"query-input\":{\"@type\":\"PropertyValueSpecification\",\"valueRequired\":true,\"valueName\":\"search_term_string\"}}],\"inLanguage\":\"fr-FR\"},{\"@type\":[\"Person\",\"Organization\"],\"@id\":\"https:\/\/magicienpro-paris.com\/#\/schema\/person\/d4073c3100e8531a5b3e8a4607056746\",\"name\":\"magicienproparis@gmail.com\",\"image\":{\"@type\":\"ImageObject\",\"inLanguage\":\"fr-FR\",\"@id\":\"https:\/\/magicienpro-paris.com\/#\/schema\/person\/image\/\",\"url\":\"https:\/\/magicienpro-paris.com\/wp-content\/uploads\/2024\/09\/Logo-Gregory-DEL-RIO.png\",\"contentUrl\":\"https:\/\/magicienpro-paris.com\/wp-content\/uploads\/2024\/09\/Logo-Gregory-DEL-RIO.png\",\"width\":2908,\"height\":1161,\"caption\":\"magicienproparis@gmail.com\"},\"logo\":{\"@id\":\"https:\/\/magicienpro-paris.com\/#\/schema\/person\/image\/\"}},{\"@type\":\"Person\",\"@id\":\"https:\/\/magicienpro-paris.com\/#\/schema\/person\/8ce90070d156b61675fa89c05b204f0e\",\"name\":\"admin\",\"image\":{\"@type\":\"ImageObject\",\"inLanguage\":\"fr-FR\",\"@id\":\"https:\/\/magicienpro-paris.com\/#\/schema\/person\/image\/\",\"url\":\"https:\/\/magicienpro-paris.com\/wp-content\/litespeed\/avatar\/6337c726d188d95cccc98a98044a8aea.jpg?ver=1777400806\",\"contentUrl\":\"https:\/\/magicienpro-paris.com\/wp-content\/litespeed\/avatar\/6337c726d188d95cccc98a98044a8aea.jpg?ver=1777400806\",\"caption\":\"admin\"},\"sameAs\":[\"https:\/\/magicienpro-paris.com\"]}]}<\/script>\n<!-- \/ Yoast SEO plugin. -->","yoast_head_json":{"title":"Mentaliste de spectacle en Picardie - Gr\u00e9gory DEL RIO","robots":{"index":"index","follow":"follow","max-snippet":"max-snippet:-1","max-image-preview":"max-image-preview:large","max-video-preview":"max-video-preview:-1"},"canonical":"https:\/\/magicienpro-paris.com\/?p=491","og_locale":"fr_FR","og_type":"article","og_title":"Mentaliste de spectacle en Picardie - Gr\u00e9gory DEL RIO","og_description":"Mantaliste mariage, Gregory Del Rio est un Mentaliste Picardie unique en son genre. Sa carri\u00e8re internationale l\u2019a amen\u00e9 aux 4 coins du monde mais aujourd\u2019hui, il sera mentaliste soissons pour un \u00e9v\u00e9nement unique. Gr\u00e9gory mentaliste oise, se d\u00e9place r\u00e9guli\u00e8rement dans l\u2019Aisne pour rendre les \u00e9v\u00e9nements uniques et prestigieux de ce d\u00e9partemental.&nbsp;","og_url":"https:\/\/magicienpro-paris.com\/?p=491","og_site_name":"Gr\u00e9gory DEL RIO","article_published_time":"2024-07-13T08:16:39+00:00","article_modified_time":"2024-07-15T08:18:17+00:00","og_image":[{"width":768,"height":1152,"url":"https:\/\/magicienpro-paris.com\/wp-content\/uploads\/2023\/10\/Magicien-particulier-ceremonie.jpg","type":"image\/jpeg"}],"author":"admin","twitter_card":"summary_large_image","twitter_misc":{"\u00c9crit par":"admin"},"schema":{"@context":"https:\/\/schema.org","@graph":[{"@type":"Article","@id":"https:\/\/magicienpro-paris.com\/?p=491#article","isPartOf":{"@id":"https:\/\/magicienpro-paris.com\/?p=491"},"author":{"name":"admin","@id":"https:\/\/magicienpro-paris.com\/#\/schema\/person\/8ce90070d156b61675fa89c05b204f0e"},"headline":"Mentaliste de spectacle en Picardie","datePublished":"2024-07-13T08:16:39+00:00","dateModified":"2024-07-15T08:18:17+00:00","mainEntityOfPage":{"@id":"https:\/\/magicienpro-paris.com\/?p=491"},"wordCount":67,"publisher":{"@id":"https:\/\/magicienpro-paris.com\/#\/schema\/person\/d4073c3100e8531a5b3e8a4607056746"},"image":{"@id":"https:\/\/magicienpro-paris.com\/?p=491#primaryimage"},"thumbnailUrl":"https:\/\/magicienpro-paris.com\/wp-content\/uploads\/2023\/10\/Magicien-particulier-ceremonie.jpg","articleSection":["Actualit\u00e9","Sans cat\u00e9gorie"],"inLanguage":"fr-FR"},{"@type":"WebPage","@id":"https:\/\/magicienpro-paris.com\/?p=491","url":"https:\/\/magicienpro-paris.com\/?p=491","name":"Mentaliste de spectacle en Picardie - Gr\u00e9gory DEL RIO","isPartOf":{"@id":"https:\/\/magicienpro-paris.com\/#website"},"primaryImageOfPage":{"@id":"https:\/\/magicienpro-paris.com\/?p=491#primaryimage"},"image":{"@id":"https:\/\/magicienpro-paris.com\/?p=491#primaryimage"},"thumbnailUrl":"https:\/\/magicienpro-paris.com\/wp-content\/uploads\/2023\/10\/Magicien-particulier-ceremonie.jpg","datePublished":"2024-07-13T08:16:39+00:00","dateModified":"2024-07-15T08:18:17+00:00","breadcrumb":{"@id":"https:\/\/magicienpro-paris.com\/?p=491#breadcrumb"},"inLanguage":"fr-FR","potentialAction":[{"@type":"ReadAction","target":["https:\/\/magicienpro-paris.com\/?p=491"]}]},{"@type":"ImageObject","inLanguage":"fr-FR","@id":"https:\/\/magicienpro-paris.com\/?p=491#primaryimage","url":"https:\/\/magicienpro-paris.com\/wp-content\/uploads\/2023\/10\/Magicien-particulier-ceremonie.jpg","contentUrl":"https:\/\/magicienpro-paris.com\/wp-content\/uploads\/2023\/10\/Magicien-particulier-ceremonie.jpg","width":768,"height":1152,"caption":"mentaliste priv\u00e9"},{"@type":"BreadcrumbList","@id":"https:\/\/magicienpro-paris.com\/?p=491#breadcrumb","itemListElement":[{"@type":"ListItem","position":1,"name":"Accueil","item":"https:\/\/magicienpro-paris.com\/"},{"@type":"ListItem","position":2,"name":"Mentaliste de spectacle en Picardie"}]},{"@type":"WebSite","@id":"https:\/\/magicienpro-paris.com\/#website","url":"https:\/\/magicienpro-paris.com\/","name":"Gr\u00e9gory DEL RIO","description":"Votre magicien professionnel pour vos \u00e9v\u00e8nements","publisher":{"@id":"https:\/\/magicienpro-paris.com\/#\/schema\/person\/d4073c3100e8531a5b3e8a4607056746"},"potentialAction":[{"@type":"SearchAction","target":{"@type":"EntryPoint","urlTemplate":"https:\/\/magicienpro-paris.com\/?s={search_term_string}"},"query-input":{"@type":"PropertyValueSpecification","valueRequired":true,"valueName":"search_term_string"}}],"inLanguage":"fr-FR"},{"@type":["Person","Organization"],"@id":"https:\/\/magicienpro-paris.com\/#\/schema\/person\/d4073c3100e8531a5b3e8a4607056746","name":"magicienproparis@gmail.com","image":{"@type":"ImageObject","inLanguage":"fr-FR","@id":"https:\/\/magicienpro-paris.com\/#\/schema\/person\/image\/","url":"https:\/\/magicienpro-paris.com\/wp-content\/uploads\/2024\/09\/Logo-Gregory-DEL-RIO.png","contentUrl":"https:\/\/magicienpro-paris.com\/wp-content\/uploads\/2024\/09\/Logo-Gregory-DEL-RIO.png","width":2908,"height":1161,"caption":"magicienproparis@gmail.com"},"logo":{"@id":"https:\/\/magicienpro-paris.com\/#\/schema\/person\/image\/"}},{"@type":"Person","@id":"https:\/\/magicienpro-paris.com\/#\/schema\/person\/8ce90070d156b61675fa89c05b204f0e","name":"admin","image":{"@type":"ImageObject","inLanguage":"fr-FR","@id":"https:\/\/magicienpro-paris.com\/#\/schema\/person\/image\/","url":"https:\/\/magicienpro-paris.com\/wp-content\/litespeed\/avatar\/6337c726d188d95cccc98a98044a8aea.jpg?ver=1777400806","contentUrl":"https:\/\/magicienpro-paris.com\/wp-content\/litespeed\/avatar\/6337c726d188d95cccc98a98044a8aea.jpg?ver=1777400806","caption":"admin"},"sameAs":["https:\/\/magicienpro-paris.com"]}]}},"_links":{"self":[{"href":"https:\/\/magicienpro-paris.com\/index.php?rest_route=\/wp\/v2\/posts\/491","targetHints":{"allow":["GET"]}}],"collection":[{"href":"https:\/\/magicienpro-paris.com\/index.php?rest_route=\/wp\/v2\/posts"}],"about":[{"href":"https:\/\/magicienpro-paris.com\/index.php?rest_route=\/wp\/v2\/types\/post"}],"author":[{"embeddable":true,"href":"https:\/\/magicienpro-paris.com\/index.php?rest_route=\/wp\/v2\/users\/1"}],"replies":[{"embeddable":true,"href":"https:\/\/magicienpro-paris.com\/index.php?rest_route=%2Fwp%2Fv2%2Fcomments&post=491"}],"version-history":[{"count":1,"href":"https:\/\/magicienpro-paris.com\/index.php?rest_route=\/wp\/v2\/posts\/491\/revisions"}],"predecessor-version":[{"id":492,"href":"https:\/\/magicienpro-paris.com\/index.php?rest_route=\/wp\/v2\/posts\/491\/revisions\/492"}],"wp:featuredmedia":[{"embeddable":true,"href":"https:\/\/magicienpro-paris.com\/index.php?rest_route=\/wp\/v2\/media\/61"}],"wp:attachment":[{"href":"https:\/\/magicienpro-paris.com\/index.php?rest_route=%2Fwp%2Fv2%2Fmedia&parent=491"}],"wp:term":[{"taxonomy":"category","embeddable":true,"href":"https:\/\/magicienpro-paris.com\/index.php?rest_route=%2Fwp%2Fv2%2Fcategories&post=491"},{"taxonomy":"post_tag","embeddable":true,"href":"https:\/\/magicienpro-paris.com\/index.php?rest_route=%2Fwp%2Fv2%2Ftags&post=491"}],"curies":[{"name":"wp","href":"https:\/\/api.w.org\/{rel}","templated":true}]}}