{"id":511,"date":"2024-08-06T13:58:15","date_gmt":"2024-08-06T11:58:15","guid":{"rendered":"https:\/\/magicienpro-paris.com\/?p=511"},"modified":"2024-08-16T16:09:51","modified_gmt":"2024-08-16T14:09:51","slug":"mentaliste-en-vendee-pour-un-evenement-memorable","status":"publish","type":"post","link":"https:\/\/magicienpro-paris.com\/?p=511","title":{"rendered":"Mentaliste en Vend\u00e9e pour un \u00e9v\u00e9nement m\u00e9morable"},"content":{"rendered":"\n<p>Gr\u00e9gory Del Rio sera \u00e0 nouveau Mentaliste Vend\u00e9e 85 pour un nouvel \u00e9v\u00e9nement m\u00e9morable.<\/p>\n\n\n\n<p>Mentaliste en Vend\u00e9e depuis pr\u00e8s de 25 ans, ses tourn\u00e9es d\u2019\u00e9t\u00e9 l\u2019am\u00e8ne r\u00e9guli\u00e8rement en province pour le plaisir de milliers de spectateurs.&nbsp;<\/p>\n\n\n\n<p>Mentaliste entreprise, Gr\u00e9gory Del Rio est aujourd\u2019hui un expert du mentalisme et de l\u2019hypnose.<\/p>\n","protected":false},"excerpt":{"rendered":"<p>Gr\u00e9gory Del Rio sera \u00e0 nouveau Mentaliste Vend\u00e9e 85 pour un nouvel \u00e9v\u00e9nement m\u00e9morable. Mentaliste en Vend\u00e9e depuis pr\u00e8s de 25 ans, ses tourn\u00e9es d\u2019\u00e9t\u00e9 l\u2019am\u00e8ne r\u00e9guli\u00e8rement en province pour le plaisir de milliers de spectateurs.&nbsp; Mentaliste entreprise, Gr\u00e9gory Del Rio est aujourd\u2019hui un expert du mentalisme et de l\u2019hypnose.<\/p>\n","protected":false},"author":1,"featured_media":0,"comment_status":"closed","ping_status":"closed","sticky":false,"template":"","format":"standard","meta":{"footnotes":""},"categories":[19],"tags":[],"class_list":["post-511","post","type-post","status-publish","format-standard","hentry","category-actualite"],"yoast_head":"<!-- This site is optimized with the Yoast SEO plugin v26.1.1 - https:\/\/yoast.com\/wordpress\/plugins\/seo\/ -->\n<title>Mentaliste en Vend\u00e9e pour un \u00e9v\u00e9nement m\u00e9morable - Gr\u00e9gory DEL RIO<\/title>\n<meta name=\"robots\" content=\"index, follow, max-snippet:-1, max-image-preview:large, max-video-preview:-1\" \/>\n<link rel=\"canonical\" href=\"https:\/\/magicienpro-paris.com\/?p=511\" \/>\n<meta property=\"og:locale\" content=\"fr_FR\" \/>\n<meta property=\"og:type\" content=\"article\" \/>\n<meta property=\"og:title\" content=\"Mentaliste en Vend\u00e9e pour un \u00e9v\u00e9nement m\u00e9morable - Gr\u00e9gory DEL RIO\" \/>\n<meta property=\"og:description\" content=\"Gr\u00e9gory Del Rio sera \u00e0 nouveau Mentaliste Vend\u00e9e 85 pour un nouvel \u00e9v\u00e9nement m\u00e9morable. Mentaliste en Vend\u00e9e depuis pr\u00e8s de 25 ans, ses tourn\u00e9es d\u2019\u00e9t\u00e9 l\u2019am\u00e8ne r\u00e9guli\u00e8rement en province pour le plaisir de milliers de spectateurs.&nbsp; Mentaliste entreprise, Gr\u00e9gory Del Rio est aujourd\u2019hui un expert du mentalisme et de l\u2019hypnose.\" \/>\n<meta property=\"og:url\" content=\"https:\/\/magicienpro-paris.com\/?p=511\" \/>\n<meta property=\"og:site_name\" content=\"Gr\u00e9gory DEL RIO\" \/>\n<meta property=\"article:published_time\" content=\"2024-08-06T11:58:15+00:00\" \/>\n<meta property=\"article:modified_time\" content=\"2024-08-16T14:09:51+00:00\" \/>\n<meta property=\"og:image\" content=\"https:\/\/magicienpro-paris.com\/wp-content\/uploads\/2024\/09\/IMG_2434.jpg\" \/>\n\t<meta property=\"og:image:width\" content=\"2048\" \/>\n\t<meta property=\"og:image:height\" content=\"1367\" \/>\n\t<meta property=\"og:image:type\" content=\"image\/jpeg\" \/>\n<meta name=\"author\" content=\"admin\" \/>\n<meta name=\"twitter:card\" content=\"summary_large_image\" \/>\n<meta name=\"twitter:label1\" content=\"\u00c9crit par\" \/>\n\t<meta name=\"twitter:data1\" content=\"admin\" \/>\n<script type=\"application\/ld+json\" class=\"yoast-schema-graph\">{\"@context\":\"https:\/\/schema.org\",\"@graph\":[{\"@type\":\"Article\",\"@id\":\"https:\/\/magicienpro-paris.com\/?p=511#article\",\"isPartOf\":{\"@id\":\"https:\/\/magicienpro-paris.com\/?p=511\"},\"author\":{\"name\":\"admin\",\"@id\":\"https:\/\/magicienpro-paris.com\/#\/schema\/person\/8ce90070d156b61675fa89c05b204f0e\"},\"headline\":\"Mentaliste en Vend\u00e9e pour un \u00e9v\u00e9nement m\u00e9morable\",\"datePublished\":\"2024-08-06T11:58:15+00:00\",\"dateModified\":\"2024-08-16T14:09:51+00:00\",\"mainEntityOfPage\":{\"@id\":\"https:\/\/magicienpro-paris.com\/?p=511\"},\"wordCount\":73,\"publisher\":{\"@id\":\"https:\/\/magicienpro-paris.com\/#\/schema\/person\/d4073c3100e8531a5b3e8a4607056746\"},\"articleSection\":[\"Actualit\u00e9\"],\"inLanguage\":\"fr-FR\"},{\"@type\":\"WebPage\",\"@id\":\"https:\/\/magicienpro-paris.com\/?p=511\",\"url\":\"https:\/\/magicienpro-paris.com\/?p=511\",\"name\":\"Mentaliste en Vend\u00e9e pour un \u00e9v\u00e9nement m\u00e9morable - Gr\u00e9gory DEL RIO\",\"isPartOf\":{\"@id\":\"https:\/\/magicienpro-paris.com\/#website\"},\"datePublished\":\"2024-08-06T11:58:15+00:00\",\"dateModified\":\"2024-08-16T14:09:51+00:00\",\"breadcrumb\":{\"@id\":\"https:\/\/magicienpro-paris.com\/?p=511#breadcrumb\"},\"inLanguage\":\"fr-FR\",\"potentialAction\":[{\"@type\":\"ReadAction\",\"target\":[\"https:\/\/magicienpro-paris.com\/?p=511\"]}]},{\"@type\":\"BreadcrumbList\",\"@id\":\"https:\/\/magicienpro-paris.com\/?p=511#breadcrumb\",\"itemListElement\":[{\"@type\":\"ListItem\",\"position\":1,\"name\":\"Accueil\",\"item\":\"https:\/\/magicienpro-paris.com\/\"},{\"@type\":\"ListItem\",\"position\":2,\"name\":\"Mentaliste en Vend\u00e9e pour un \u00e9v\u00e9nement m\u00e9morable\"}]},{\"@type\":\"WebSite\",\"@id\":\"https:\/\/magicienpro-paris.com\/#website\",\"url\":\"https:\/\/magicienpro-paris.com\/\",\"name\":\"Gr\u00e9gory DEL RIO\",\"description\":\"Votre magicien professionnel pour vos \u00e9v\u00e8nements\",\"publisher\":{\"@id\":\"https:\/\/magicienpro-paris.com\/#\/schema\/person\/d4073c3100e8531a5b3e8a4607056746\"},\"potentialAction\":[{\"@type\":\"SearchAction\",\"target\":{\"@type\":\"EntryPoint\",\"urlTemplate\":\"https:\/\/magicienpro-paris.com\/?s={search_term_string}\"},\"query-input\":{\"@type\":\"PropertyValueSpecification\",\"valueRequired\":true,\"valueName\":\"search_term_string\"}}],\"inLanguage\":\"fr-FR\"},{\"@type\":[\"Person\",\"Organization\"],\"@id\":\"https:\/\/magicienpro-paris.com\/#\/schema\/person\/d4073c3100e8531a5b3e8a4607056746\",\"name\":\"magicienproparis@gmail.com\",\"image\":{\"@type\":\"ImageObject\",\"inLanguage\":\"fr-FR\",\"@id\":\"https:\/\/magicienpro-paris.com\/#\/schema\/person\/image\/\",\"url\":\"https:\/\/magicienpro-paris.com\/wp-content\/uploads\/2024\/09\/Logo-Gregory-DEL-RIO.png\",\"contentUrl\":\"https:\/\/magicienpro-paris.com\/wp-content\/uploads\/2024\/09\/Logo-Gregory-DEL-RIO.png\",\"width\":2908,\"height\":1161,\"caption\":\"magicienproparis@gmail.com\"},\"logo\":{\"@id\":\"https:\/\/magicienpro-paris.com\/#\/schema\/person\/image\/\"}},{\"@type\":\"Person\",\"@id\":\"https:\/\/magicienpro-paris.com\/#\/schema\/person\/8ce90070d156b61675fa89c05b204f0e\",\"name\":\"admin\",\"image\":{\"@type\":\"ImageObject\",\"inLanguage\":\"fr-FR\",\"@id\":\"https:\/\/magicienpro-paris.com\/#\/schema\/person\/image\/\",\"url\":\"https:\/\/magicienpro-paris.com\/wp-content\/litespeed\/avatar\/6337c726d188d95cccc98a98044a8aea.jpg?ver=1777400806\",\"contentUrl\":\"https:\/\/magicienpro-paris.com\/wp-content\/litespeed\/avatar\/6337c726d188d95cccc98a98044a8aea.jpg?ver=1777400806\",\"caption\":\"admin\"},\"sameAs\":[\"https:\/\/magicienpro-paris.com\"]}]}<\/script>\n<!-- \/ Yoast SEO plugin. -->","yoast_head_json":{"title":"Mentaliste en Vend\u00e9e pour un \u00e9v\u00e9nement m\u00e9morable - Gr\u00e9gory DEL RIO","robots":{"index":"index","follow":"follow","max-snippet":"max-snippet:-1","max-image-preview":"max-image-preview:large","max-video-preview":"max-video-preview:-1"},"canonical":"https:\/\/magicienpro-paris.com\/?p=511","og_locale":"fr_FR","og_type":"article","og_title":"Mentaliste en Vend\u00e9e pour un \u00e9v\u00e9nement m\u00e9morable - Gr\u00e9gory DEL RIO","og_description":"Gr\u00e9gory Del Rio sera \u00e0 nouveau Mentaliste Vend\u00e9e 85 pour un nouvel \u00e9v\u00e9nement m\u00e9morable. Mentaliste en Vend\u00e9e depuis pr\u00e8s de 25 ans, ses tourn\u00e9es d\u2019\u00e9t\u00e9 l\u2019am\u00e8ne r\u00e9guli\u00e8rement en province pour le plaisir de milliers de spectateurs.&nbsp; Mentaliste entreprise, Gr\u00e9gory Del Rio est aujourd\u2019hui un expert du mentalisme et de l\u2019hypnose.","og_url":"https:\/\/magicienpro-paris.com\/?p=511","og_site_name":"Gr\u00e9gory DEL RIO","article_published_time":"2024-08-06T11:58:15+00:00","article_modified_time":"2024-08-16T14:09:51+00:00","og_image":[{"width":2048,"height":1367,"url":"https:\/\/magicienpro-paris.com\/wp-content\/uploads\/2024\/09\/IMG_2434.jpg","type":"image\/jpeg"}],"author":"admin","twitter_card":"summary_large_image","twitter_misc":{"\u00c9crit par":"admin"},"schema":{"@context":"https:\/\/schema.org","@graph":[{"@type":"Article","@id":"https:\/\/magicienpro-paris.com\/?p=511#article","isPartOf":{"@id":"https:\/\/magicienpro-paris.com\/?p=511"},"author":{"name":"admin","@id":"https:\/\/magicienpro-paris.com\/#\/schema\/person\/8ce90070d156b61675fa89c05b204f0e"},"headline":"Mentaliste en Vend\u00e9e pour un \u00e9v\u00e9nement m\u00e9morable","datePublished":"2024-08-06T11:58:15+00:00","dateModified":"2024-08-16T14:09:51+00:00","mainEntityOfPage":{"@id":"https:\/\/magicienpro-paris.com\/?p=511"},"wordCount":73,"publisher":{"@id":"https:\/\/magicienpro-paris.com\/#\/schema\/person\/d4073c3100e8531a5b3e8a4607056746"},"articleSection":["Actualit\u00e9"],"inLanguage":"fr-FR"},{"@type":"WebPage","@id":"https:\/\/magicienpro-paris.com\/?p=511","url":"https:\/\/magicienpro-paris.com\/?p=511","name":"Mentaliste en Vend\u00e9e pour un \u00e9v\u00e9nement m\u00e9morable - Gr\u00e9gory DEL RIO","isPartOf":{"@id":"https:\/\/magicienpro-paris.com\/#website"},"datePublished":"2024-08-06T11:58:15+00:00","dateModified":"2024-08-16T14:09:51+00:00","breadcrumb":{"@id":"https:\/\/magicienpro-paris.com\/?p=511#breadcrumb"},"inLanguage":"fr-FR","potentialAction":[{"@type":"ReadAction","target":["https:\/\/magicienpro-paris.com\/?p=511"]}]},{"@type":"BreadcrumbList","@id":"https:\/\/magicienpro-paris.com\/?p=511#breadcrumb","itemListElement":[{"@type":"ListItem","position":1,"name":"Accueil","item":"https:\/\/magicienpro-paris.com\/"},{"@type":"ListItem","position":2,"name":"Mentaliste en Vend\u00e9e pour un \u00e9v\u00e9nement m\u00e9morable"}]},{"@type":"WebSite","@id":"https:\/\/magicienpro-paris.com\/#website","url":"https:\/\/magicienpro-paris.com\/","name":"Gr\u00e9gory DEL RIO","description":"Votre magicien professionnel pour vos \u00e9v\u00e8nements","publisher":{"@id":"https:\/\/magicienpro-paris.com\/#\/schema\/person\/d4073c3100e8531a5b3e8a4607056746"},"potentialAction":[{"@type":"SearchAction","target":{"@type":"EntryPoint","urlTemplate":"https:\/\/magicienpro-paris.com\/?s={search_term_string}"},"query-input":{"@type":"PropertyValueSpecification","valueRequired":true,"valueName":"search_term_string"}}],"inLanguage":"fr-FR"},{"@type":["Person","Organization"],"@id":"https:\/\/magicienpro-paris.com\/#\/schema\/person\/d4073c3100e8531a5b3e8a4607056746","name":"magicienproparis@gmail.com","image":{"@type":"ImageObject","inLanguage":"fr-FR","@id":"https:\/\/magicienpro-paris.com\/#\/schema\/person\/image\/","url":"https:\/\/magicienpro-paris.com\/wp-content\/uploads\/2024\/09\/Logo-Gregory-DEL-RIO.png","contentUrl":"https:\/\/magicienpro-paris.com\/wp-content\/uploads\/2024\/09\/Logo-Gregory-DEL-RIO.png","width":2908,"height":1161,"caption":"magicienproparis@gmail.com"},"logo":{"@id":"https:\/\/magicienpro-paris.com\/#\/schema\/person\/image\/"}},{"@type":"Person","@id":"https:\/\/magicienpro-paris.com\/#\/schema\/person\/8ce90070d156b61675fa89c05b204f0e","name":"admin","image":{"@type":"ImageObject","inLanguage":"fr-FR","@id":"https:\/\/magicienpro-paris.com\/#\/schema\/person\/image\/","url":"https:\/\/magicienpro-paris.com\/wp-content\/litespeed\/avatar\/6337c726d188d95cccc98a98044a8aea.jpg?ver=1777400806","contentUrl":"https:\/\/magicienpro-paris.com\/wp-content\/litespeed\/avatar\/6337c726d188d95cccc98a98044a8aea.jpg?ver=1777400806","caption":"admin"},"sameAs":["https:\/\/magicienpro-paris.com"]}]}},"_links":{"self":[{"href":"https:\/\/magicienpro-paris.com\/index.php?rest_route=\/wp\/v2\/posts\/511","targetHints":{"allow":["GET"]}}],"collection":[{"href":"https:\/\/magicienpro-paris.com\/index.php?rest_route=\/wp\/v2\/posts"}],"about":[{"href":"https:\/\/magicienpro-paris.com\/index.php?rest_route=\/wp\/v2\/types\/post"}],"author":[{"embeddable":true,"href":"https:\/\/magicienpro-paris.com\/index.php?rest_route=\/wp\/v2\/users\/1"}],"replies":[{"embeddable":true,"href":"https:\/\/magicienpro-paris.com\/index.php?rest_route=%2Fwp%2Fv2%2Fcomments&post=511"}],"version-history":[{"count":1,"href":"https:\/\/magicienpro-paris.com\/index.php?rest_route=\/wp\/v2\/posts\/511\/revisions"}],"predecessor-version":[{"id":512,"href":"https:\/\/magicienpro-paris.com\/index.php?rest_route=\/wp\/v2\/posts\/511\/revisions\/512"}],"wp:attachment":[{"href":"https:\/\/magicienpro-paris.com\/index.php?rest_route=%2Fwp%2Fv2%2Fmedia&parent=511"}],"wp:term":[{"taxonomy":"category","embeddable":true,"href":"https:\/\/magicienpro-paris.com\/index.php?rest_route=%2Fwp%2Fv2%2Fcategories&post=511"},{"taxonomy":"post_tag","embeddable":true,"href":"https:\/\/magicienpro-paris.com\/index.php?rest_route=%2Fwp%2Fv2%2Ftags&post=511"}],"curies":[{"name":"wp","href":"https:\/\/api.w.org\/{rel}","templated":true}]}}