{"id":991,"date":"2026-03-09T15:53:20","date_gmt":"2026-03-09T14:53:20","guid":{"rendered":"https:\/\/magicienpro-paris.com\/?p=991"},"modified":"2026-03-09T15:53:23","modified_gmt":"2026-03-09T14:53:23","slug":"conferencier-entreprise-paris-conference-prise-de-decision","status":"publish","type":"post","link":"https:\/\/magicienpro-paris.com\/?p=991","title":{"rendered":"Conf\u00e9rencier entreprise Paris | Conf\u00e9rence prise de d\u00e9cision"},"content":{"rendered":"\n<p>Faire intervenir un&nbsp;<strong>c<a href=\"https:\/\/magicienpro-paris.com\/entreprises\/magicien-masterclass-conference-de-mentalisme\/\">onf\u00e9rencier entreprise \u00e0 Paris<\/a><\/strong>&nbsp;ne consiste plus seulement \u00e0 proposer une prise de parole inspirante devant un public. Aujourd\u2019hui, les entreprises recherchent des conf\u00e9rences capables de captiver, de provoquer une r\u00e9flexion et de marquer durablement les esprits.<\/p>\n\n\n\n<p><\/p>\n\n\n\n<p>Dans un contexte professionnel o\u00f9 les \u00e9quipes doivent prendre des d\u00e9cisions rapides, g\u00e9rer l\u2019incertitude et maintenir un haut niveau de performance, une conf\u00e9rence bien pens\u00e9e devient un v\u00e9ritable levier d\u2019impact. \u00c0 Paris, de nombreuses entreprises font appel \u00e0 un conf\u00e9rencier pour enrichir leurs s\u00e9minaires, conventions ou \u00e9v\u00e9nements internes.<\/p>\n\n\n\n<p>Une conf\u00e9rence r\u00e9ussie ne se limite pas \u00e0 transmettre des id\u00e9es. Elle cr\u00e9e une exp\u00e9rience collective. suscite des prises de conscience, donne aux participants de nouvelles perspectives qu\u2019ils peuvent appliquer imm\u00e9diatement dans leur environnement professionnel.<\/p>\n\n\n\n<h2 class=\"wp-block-heading\">Pourquoi faire intervenir un conf\u00e9rencier entreprise \u00e0 Paris<\/h2>\n\n\n\n<p><\/p>\n\n\n\n<p>Paris concentre une grande partie des si\u00e8ges sociaux, des grandes entreprises et des institutions fran\u00e7aises. Les \u00e9v\u00e9nements professionnels y sont nombreux : conventions, s\u00e9minaires, journ\u00e9es de formation, conf\u00e9rences internes ou rencontres clients.<\/p>\n\n\n\n<p>Dans ce contexte, l\u2019intervention d\u2019un&nbsp;<a href=\"https:\/\/magicienpro-paris.com\/entreprises\/magicien-masterclass-conference-de-mentalisme\/\"><strong>conf\u00e9rencier entreprise \u00e0 Paris<\/strong>&nbsp;<\/a>permet d\u2019apporter un regard ext\u00e9rieur et stimulant. Une conf\u00e9rence peut ouvrir une nouvelle r\u00e9flexion sur des sujets essentiels pour les organisations modernes.<\/p>\n\n\n\n<p>Parmi les th\u00e9matiques souvent abord\u00e9es lors des conf\u00e9rences en entreprise :<\/p>\n\n\n\n<p><\/p>\n\n\n\n<p>la prise de d\u00e9cision dans l\u2019incertitude<br>la psychologie de l\u2019influence<br>la gestion du stress et de la pression<br>la performance mentale<br>les biais cognitifs dans les d\u00e9cisions strat\u00e9giques<\/p>\n\n\n\n<p><\/p>\n\n\n\n<p>Ces sujets int\u00e9ressent particuli\u00e8rement les entreprises car ils concernent directement le fonctionnement quotidien des \u00e9quipes et des dirigeants.<\/p>\n\n\n\n<p><\/p>\n\n\n\n<p><\/p>\n\n\n\n<h2 class=\"wp-block-heading\">Une conf\u00e9rence qui capte r\u00e9ellement l\u2019attention du public<\/h2>\n\n\n\n<p><\/p>\n\n\n\n<p>L\u2019un des d\u00e9fis majeurs lors d\u2019un \u00e9v\u00e9nement d\u2019entreprise est de capter l\u2019attention du public. Les participants assistent souvent \u00e0 plusieurs pr\u00e9sentations au cours d\u2019une m\u00eame journ\u00e9e, ce qui peut entra\u00eener une forme de fatigue ou de dispersion.<\/p>\n\n\n\n<p><\/p>\n\n\n\n<p>Un&nbsp;<strong><a href=\"https:\/\/magicienpro-paris.com\/entreprises\/magicien-masterclass-conference-de-mentalisme\/\">conf\u00e9rencier entreprise \u00e0 Paris<\/a><\/strong>&nbsp;doit donc proposer une intervention dynamique et immersive.<\/p>\n\n\n\n<p><\/p>\n\n\n\n<p>Les conf\u00e9rences les plus marquantes sont celles qui impliquent le public. Les participants ne se contentent pas d\u2019\u00e9couter passivement. Ils observent, r\u00e9fl\u00e9chissent, participent et vivent des exp\u00e9riences qui illustrent les concepts pr\u00e9sent\u00e9s.<\/p>\n\n\n\n<p>Cette interaction cr\u00e9e une attention imm\u00e9diate et permet de rendre les id\u00e9es beaucoup plus m\u00e9morables.<\/p>\n\n\n\n<p><\/p>\n\n\n\n<h2 class=\"wp-block-heading\">La prise de d\u00e9cision : un enjeu central pour les entreprises<\/h2>\n\n\n\n<p><\/p>\n\n\n\n<p><\/p>\n\n\n\n<p>Dans un environnement \u00e9conomique de plus en plus complexe, la capacit\u00e9 \u00e0 prendre des d\u00e9cisions claires et efficaces est devenue une comp\u00e9tence essentielle.<\/p>\n\n\n\n<p><\/p>\n\n\n\n<p>Pourtant, les recherches en psychologie cognitive montrent que nos d\u00e9cisions sont souvent influenc\u00e9es par des m\u00e9canismes invisibles appel\u00e9s biais cognitifs.<\/p>\n\n\n\n<p><\/p>\n\n\n\n<p>Ces biais peuvent influencer nos choix sans que nous en ayons conscience.<\/p>\n\n\n\n<p><\/p>\n\n\n\n<p>Par exemple :<\/p>\n\n\n\n<p>le biais d\u2019ancrage<br>l\u2019effet de halo<br>le biais de confirmation<br>l\u2019aversion \u00e0 la perte<\/p>\n\n\n\n<p><\/p>\n\n\n\n<p>Un&nbsp;<strong>conf\u00e9rencier entreprise \u00e0 Paris<\/strong>&nbsp;peut aider les \u00e9quipes \u00e0 comprendre ces m\u00e9canismes et \u00e0 prendre du recul sur leurs propres processus de d\u00e9cision.<\/p>\n\n\n\n<p>Cette compr\u00e9hension permet d\u2019am\u00e9liorer la qualit\u00e9 des d\u00e9cisions dans de nombreux contextes professionnels : management, n\u00e9gociation, strat\u00e9gie ou gestion de crise.<\/p>\n\n\n\n<p><\/p>\n\n\n\n<h2 class=\"wp-block-heading\">Une conf\u00e9rence adapt\u00e9e aux \u00e9v\u00e9nements d\u2019entreprise \u00e0 Paris<\/h2>\n\n\n\n<p><\/p>\n\n\n\n<p><\/p>\n\n\n\n<p>Les conf\u00e9rences en entreprise peuvent intervenir dans diff\u00e9rents formats d\u2019\u00e9v\u00e9nements professionnels.<\/p>\n\n\n\n<p><\/p>\n\n\n\n<p>\u00c0 Paris, elles sont souvent int\u00e9gr\u00e9es dans :<\/p>\n\n\n\n<p>les s\u00e9minaires d\u2019entreprise<br>les conventions annuelles<br>les \u00e9v\u00e9nements clients<br>les conf\u00e9rences internes<br>les journ\u00e9es de formation ou de leadership<\/p>\n\n\n\n<p>Dans ces contextes, l\u2019objectif est de proposer une intervention qui apporte \u00e0 la fois de la r\u00e9flexion, de l\u2019inspiration et une exp\u00e9rience m\u00e9morable pour les participants.<\/p>\n\n\n\n<p>Une conf\u00e9rence bien construite permet de cr\u00e9er un moment fort dans l\u2019\u00e9v\u00e9nement et de renforcer l\u2019engagement des \u00e9quipes.<\/p>\n\n\n\n<figure class=\"wp-block-image size-large\"><img decoding=\"async\" width=\"1024\" height=\"787\" src=\"https:\/\/magicienpro-paris.com\/wp-content\/uploads\/2025\/02\/IMG_6001-1024x787.jpg\" alt=\"Conf\u00e9rencier mentaliste \u00e0 Paris\" class=\"wp-image-755\" srcset=\"https:\/\/magicienpro-paris.com\/wp-content\/uploads\/2025\/02\/IMG_6001-1024x787.jpg 1024w, https:\/\/magicienpro-paris.com\/wp-content\/uploads\/2025\/02\/IMG_6001-300x231.jpg 300w, https:\/\/magicienpro-paris.com\/wp-content\/uploads\/2025\/02\/IMG_6001-768x590.jpg 768w, https:\/\/magicienpro-paris.com\/wp-content\/uploads\/2025\/02\/IMG_6001-137x105.jpg 137w, https:\/\/magicienpro-paris.com\/wp-content\/uploads\/2025\/02\/IMG_6001-595x457.jpg 595w, https:\/\/magicienpro-paris.com\/wp-content\/uploads\/2025\/02\/IMG_6001.jpg 1093w\" sizes=\"(max-width: 1024px) 100vw, 1024px\" \/><\/figure>\n\n\n\n<h2 class=\"wp-block-heading\">L\u2019importance de l\u2019exp\u00e9rience et de la mise en sc\u00e8ne<\/h2>\n\n\n\n<p><\/p>\n\n\n\n<p><\/p>\n\n\n\n<p>Une conf\u00e9rence ne doit pas \u00eatre simplement informative. Elle doit \u00e9galement \u00eatre captivante.<\/p>\n\n\n\n<p><\/p>\n\n\n\n<p>Les interventions les plus marquantes sont celles qui utilisent une v\u00e9ritable mise en sc\u00e8ne. Les exemples concrets, les d\u00e9monstrations et les interactions avec le public permettent d\u2019illustrer les concepts de mani\u00e8re beaucoup plus impactante.<\/p>\n\n\n\n<p><\/p>\n\n\n\n<p>Un&nbsp;<strong>conf\u00e9rencier entreprise \u00e0 Paris<\/strong>&nbsp;peut ainsi transformer des notions parfois complexes en exp\u00e9riences faciles \u00e0 comprendre et \u00e0 m\u00e9moriser.<\/p>\n\n\n\n<p><\/p>\n\n\n\n<p>Cette approche rend la conf\u00e9rence beaucoup plus vivante et favorise l\u2019adh\u00e9sion du public.<\/p>\n\n\n\n<h2 class=\"wp-block-heading\">Un moment marquant pour votre \u00e9v\u00e9nement professionnel<\/h2>\n\n\n\n<p><\/p>\n\n\n\n<figure class=\"wp-block-gallery has-nested-images columns-default is-cropped wp-block-gallery-1 is-layout-flex wp-block-gallery-is-layout-flex\">\n<figure class=\"wp-block-image size-large\"><img decoding=\"async\" width=\"1024\" height=\"768\" data-id=\"624\" src=\"https:\/\/magicienpro-paris.com\/wp-content\/uploads\/2024\/10\/IMG_3390-1024x768.jpg\" alt=\"Conf\u00e9rence entreprise prise de d\u00e9cision \u00e0 Paris\" class=\"wp-image-624\" srcset=\"https:\/\/magicienpro-paris.com\/wp-content\/uploads\/2024\/10\/IMG_3390-1024x768.jpg 1024w, https:\/\/magicienpro-paris.com\/wp-content\/uploads\/2024\/10\/IMG_3390-300x225.jpg 300w, https:\/\/magicienpro-paris.com\/wp-content\/uploads\/2024\/10\/IMG_3390-768x576.jpg 768w, https:\/\/magicienpro-paris.com\/wp-content\/uploads\/2024\/10\/IMG_3390-1536x1152.jpg 1536w, https:\/\/magicienpro-paris.com\/wp-content\/uploads\/2024\/10\/IMG_3390-2048x1536.jpg 2048w, https:\/\/magicienpro-paris.com\/wp-content\/uploads\/2024\/10\/IMG_3390-140x105.jpg 140w, https:\/\/magicienpro-paris.com\/wp-content\/uploads\/2024\/10\/IMG_3390-595x446.jpg 595w, https:\/\/magicienpro-paris.com\/wp-content\/uploads\/2024\/10\/IMG_3390-scaled.jpg 2560w\" sizes=\"(max-width: 1024px) 100vw, 1024px\" \/><\/figure>\n<\/figure>\n\n\n\n<p>Lorsqu\u2019une conf\u00e9rence est r\u00e9ussie, elle devient souvent le moment dont les participants se souviennent le plus longtemps.<\/p>\n\n\n\n<p>Les id\u00e9es pr\u00e9sent\u00e9es continuent de circuler dans les discussions apr\u00e8s l\u2019\u00e9v\u00e9nement. Les participants repensent aux exp\u00e9riences v\u00e9cues pendant la conf\u00e9rence et aux concepts abord\u00e9s.<\/p>\n\n\n\n<p>C\u2019est pr\u00e9cis\u00e9ment ce qui donne toute sa valeur \u00e0 l\u2019intervention d\u2019un&nbsp;<strong><a href=\"https:\/\/magicienpro-paris.com\/entreprises\/magicien-masterclass-conference-de-mentalisme\/\">conf\u00e9rencier entreprise \u00e0 Paris<\/a><\/strong>.<\/p>\n\n\n\n<p>Dans un \u00e9v\u00e9nement professionnel, cr\u00e9er un moment marquant est essentiel. Une conf\u00e9rence bien construite permet non seulement d\u2019informer, mais aussi de stimuler la r\u00e9flexion et d\u2019inspirer de nouvelles fa\u00e7ons de penser.<\/p>\n\n\n\n<p>Dans un monde professionnel en constante \u00e9volution, cette capacit\u00e9 \u00e0 ouvrir de nouvelles perspectives est devenue l\u2019un des \u00e9l\u00e9ments les plus pr\u00e9cieux pour les entreprises.<\/p>\n\n\n\n<p><\/p>\n","protected":false},"excerpt":{"rendered":"<p>Faire intervenir un&nbsp;conf\u00e9rencier entreprise \u00e0 Paris&nbsp;ne consiste plus seulement \u00e0 proposer une prise de parole inspirante devant un public. Aujourd\u2019hui, les entreprises recherchent des conf\u00e9rences capables de captiver, de provoquer une r\u00e9flexion et de marquer durablement les esprits. Dans un contexte professionnel o\u00f9 les \u00e9quipes doivent prendre des d\u00e9cisions rapides, g\u00e9rer l\u2019incertitude et maintenir un [&hellip;]<\/p>\n","protected":false},"author":2,"featured_media":622,"comment_status":"closed","ping_status":"closed","sticky":false,"template":"","format":"standard","meta":{"footnotes":""},"categories":[33,35],"tags":[],"class_list":["post-991","post","type-post","status-publish","format-standard","has-post-thumbnail","hentry","category-entreprise","category-mentaliste"],"yoast_head":"<!-- This site is optimized with the Yoast SEO plugin v26.1.1 - https:\/\/yoast.com\/wordpress\/plugins\/seo\/ -->\n<title>Conf\u00e9rencier entreprise Paris | Conf\u00e9rence prise de d\u00e9cision - Gr\u00e9gory DEL RIO<\/title>\n<meta name=\"robots\" content=\"index, follow, max-snippet:-1, max-image-preview:large, max-video-preview:-1\" \/>\n<link rel=\"canonical\" href=\"https:\/\/magicienpro-paris.com\/?p=991\" \/>\n<meta property=\"og:locale\" content=\"fr_FR\" \/>\n<meta property=\"og:type\" content=\"article\" \/>\n<meta property=\"og:title\" content=\"Conf\u00e9rencier entreprise Paris | Conf\u00e9rence prise de d\u00e9cision - Gr\u00e9gory DEL RIO\" \/>\n<meta property=\"og:description\" content=\"Faire intervenir un&nbsp;conf\u00e9rencier entreprise \u00e0 Paris&nbsp;ne consiste plus seulement \u00e0 proposer une prise de parole inspirante devant un public. Aujourd\u2019hui, les entreprises recherchent des conf\u00e9rences capables de captiver, de provoquer une r\u00e9flexion et de marquer durablement les esprits. Dans un contexte professionnel o\u00f9 les \u00e9quipes doivent prendre des d\u00e9cisions rapides, g\u00e9rer l\u2019incertitude et maintenir un [&hellip;]\" \/>\n<meta property=\"og:url\" content=\"https:\/\/magicienpro-paris.com\/?p=991\" \/>\n<meta property=\"og:site_name\" content=\"Gr\u00e9gory DEL RIO\" \/>\n<meta property=\"article:published_time\" content=\"2026-03-09T14:53:20+00:00\" \/>\n<meta property=\"article:modified_time\" content=\"2026-03-09T14:53:23+00:00\" \/>\n<meta property=\"og:image\" content=\"https:\/\/magicienpro-paris.com\/wp-content\/uploads\/2024\/10\/unnamed-4-scaled.jpg\" \/>\n\t<meta property=\"og:image:width\" content=\"2560\" \/>\n\t<meta property=\"og:image:height\" content=\"1920\" \/>\n\t<meta property=\"og:image:type\" content=\"image\/jpeg\" \/>\n<meta name=\"author\" content=\"magicienproparis@gmail.com\" \/>\n<meta name=\"twitter:card\" content=\"summary_large_image\" \/>\n<meta name=\"twitter:label1\" content=\"\u00c9crit par\" \/>\n\t<meta name=\"twitter:data1\" content=\"magicienproparis@gmail.com\" \/>\n\t<meta name=\"twitter:label2\" content=\"Dur\u00e9e de lecture estim\u00e9e\" \/>\n\t<meta name=\"twitter:data2\" content=\"5 minutes\" \/>\n<script type=\"application\/ld+json\" class=\"yoast-schema-graph\">{\"@context\":\"https:\/\/schema.org\",\"@graph\":[{\"@type\":\"Article\",\"@id\":\"https:\/\/magicienpro-paris.com\/?p=991#article\",\"isPartOf\":{\"@id\":\"https:\/\/magicienpro-paris.com\/?p=991\"},\"author\":{\"name\":\"magicienproparis@gmail.com\",\"@id\":\"https:\/\/magicienpro-paris.com\/#\/schema\/person\/d4073c3100e8531a5b3e8a4607056746\"},\"headline\":\"Conf\u00e9rencier entreprise Paris | Conf\u00e9rence prise de d\u00e9cision\",\"datePublished\":\"2026-03-09T14:53:20+00:00\",\"dateModified\":\"2026-03-09T14:53:23+00:00\",\"mainEntityOfPage\":{\"@id\":\"https:\/\/magicienpro-paris.com\/?p=991\"},\"wordCount\":924,\"publisher\":{\"@id\":\"https:\/\/magicienpro-paris.com\/#\/schema\/person\/d4073c3100e8531a5b3e8a4607056746\"},\"image\":{\"@id\":\"https:\/\/magicienpro-paris.com\/?p=991#primaryimage\"},\"thumbnailUrl\":\"https:\/\/magicienpro-paris.com\/wp-content\/uploads\/2024\/10\/unnamed-4-scaled.jpg\",\"articleSection\":[\"Entreprise\",\"Mentaliste\"],\"inLanguage\":\"fr-FR\"},{\"@type\":\"WebPage\",\"@id\":\"https:\/\/magicienpro-paris.com\/?p=991\",\"url\":\"https:\/\/magicienpro-paris.com\/?p=991\",\"name\":\"Conf\u00e9rencier entreprise Paris | Conf\u00e9rence prise de d\u00e9cision - Gr\u00e9gory DEL RIO\",\"isPartOf\":{\"@id\":\"https:\/\/magicienpro-paris.com\/#website\"},\"primaryImageOfPage\":{\"@id\":\"https:\/\/magicienpro-paris.com\/?p=991#primaryimage\"},\"image\":{\"@id\":\"https:\/\/magicienpro-paris.com\/?p=991#primaryimage\"},\"thumbnailUrl\":\"https:\/\/magicienpro-paris.com\/wp-content\/uploads\/2024\/10\/unnamed-4-scaled.jpg\",\"datePublished\":\"2026-03-09T14:53:20+00:00\",\"dateModified\":\"2026-03-09T14:53:23+00:00\",\"breadcrumb\":{\"@id\":\"https:\/\/magicienpro-paris.com\/?p=991#breadcrumb\"},\"inLanguage\":\"fr-FR\",\"potentialAction\":[{\"@type\":\"ReadAction\",\"target\":[\"https:\/\/magicienpro-paris.com\/?p=991\"]}]},{\"@type\":\"ImageObject\",\"inLanguage\":\"fr-FR\",\"@id\":\"https:\/\/magicienpro-paris.com\/?p=991#primaryimage\",\"url\":\"https:\/\/magicienpro-paris.com\/wp-content\/uploads\/2024\/10\/unnamed-4-scaled.jpg\",\"contentUrl\":\"https:\/\/magicienpro-paris.com\/wp-content\/uploads\/2024\/10\/unnamed-4-scaled.jpg\",\"width\":2560,\"height\":1920,\"caption\":\"Conf\u00e9rencier entreprise\"},{\"@type\":\"BreadcrumbList\",\"@id\":\"https:\/\/magicienpro-paris.com\/?p=991#breadcrumb\",\"itemListElement\":[{\"@type\":\"ListItem\",\"position\":1,\"name\":\"Accueil\",\"item\":\"https:\/\/magicienpro-paris.com\/\"},{\"@type\":\"ListItem\",\"position\":2,\"name\":\"Conf\u00e9rencier entreprise Paris | Conf\u00e9rence prise de d\u00e9cision\"}]},{\"@type\":\"WebSite\",\"@id\":\"https:\/\/magicienpro-paris.com\/#website\",\"url\":\"https:\/\/magicienpro-paris.com\/\",\"name\":\"Gr\u00e9gory DEL RIO\",\"description\":\"Votre magicien professionnel pour vos \u00e9v\u00e8nements\",\"publisher\":{\"@id\":\"https:\/\/magicienpro-paris.com\/#\/schema\/person\/d4073c3100e8531a5b3e8a4607056746\"},\"potentialAction\":[{\"@type\":\"SearchAction\",\"target\":{\"@type\":\"EntryPoint\",\"urlTemplate\":\"https:\/\/magicienpro-paris.com\/?s={search_term_string}\"},\"query-input\":{\"@type\":\"PropertyValueSpecification\",\"valueRequired\":true,\"valueName\":\"search_term_string\"}}],\"inLanguage\":\"fr-FR\"},{\"@type\":[\"Person\",\"Organization\"],\"@id\":\"https:\/\/magicienpro-paris.com\/#\/schema\/person\/d4073c3100e8531a5b3e8a4607056746\",\"name\":\"magicienproparis@gmail.com\",\"image\":{\"@type\":\"ImageObject\",\"inLanguage\":\"fr-FR\",\"@id\":\"https:\/\/magicienpro-paris.com\/#\/schema\/person\/image\/\",\"url\":\"https:\/\/magicienpro-paris.com\/wp-content\/uploads\/2024\/09\/Logo-Gregory-DEL-RIO.png\",\"contentUrl\":\"https:\/\/magicienpro-paris.com\/wp-content\/uploads\/2024\/09\/Logo-Gregory-DEL-RIO.png\",\"width\":2908,\"height\":1161,\"caption\":\"magicienproparis@gmail.com\"},\"logo\":{\"@id\":\"https:\/\/magicienpro-paris.com\/#\/schema\/person\/image\/\"}}]}<\/script>\n<!-- \/ Yoast SEO plugin. -->","yoast_head_json":{"title":"Conf\u00e9rencier entreprise Paris | Conf\u00e9rence prise de d\u00e9cision - Gr\u00e9gory DEL RIO","robots":{"index":"index","follow":"follow","max-snippet":"max-snippet:-1","max-image-preview":"max-image-preview:large","max-video-preview":"max-video-preview:-1"},"canonical":"https:\/\/magicienpro-paris.com\/?p=991","og_locale":"fr_FR","og_type":"article","og_title":"Conf\u00e9rencier entreprise Paris | Conf\u00e9rence prise de d\u00e9cision - Gr\u00e9gory DEL RIO","og_description":"Faire intervenir un&nbsp;conf\u00e9rencier entreprise \u00e0 Paris&nbsp;ne consiste plus seulement \u00e0 proposer une prise de parole inspirante devant un public. Aujourd\u2019hui, les entreprises recherchent des conf\u00e9rences capables de captiver, de provoquer une r\u00e9flexion et de marquer durablement les esprits. Dans un contexte professionnel o\u00f9 les \u00e9quipes doivent prendre des d\u00e9cisions rapides, g\u00e9rer l\u2019incertitude et maintenir un [&hellip;]","og_url":"https:\/\/magicienpro-paris.com\/?p=991","og_site_name":"Gr\u00e9gory DEL RIO","article_published_time":"2026-03-09T14:53:20+00:00","article_modified_time":"2026-03-09T14:53:23+00:00","og_image":[{"width":2560,"height":1920,"url":"https:\/\/magicienpro-paris.com\/wp-content\/uploads\/2024\/10\/unnamed-4-scaled.jpg","type":"image\/jpeg"}],"author":"magicienproparis@gmail.com","twitter_card":"summary_large_image","twitter_misc":{"\u00c9crit par":"magicienproparis@gmail.com","Dur\u00e9e de lecture estim\u00e9e":"5 minutes"},"schema":{"@context":"https:\/\/schema.org","@graph":[{"@type":"Article","@id":"https:\/\/magicienpro-paris.com\/?p=991#article","isPartOf":{"@id":"https:\/\/magicienpro-paris.com\/?p=991"},"author":{"name":"magicienproparis@gmail.com","@id":"https:\/\/magicienpro-paris.com\/#\/schema\/person\/d4073c3100e8531a5b3e8a4607056746"},"headline":"Conf\u00e9rencier entreprise Paris | Conf\u00e9rence prise de d\u00e9cision","datePublished":"2026-03-09T14:53:20+00:00","dateModified":"2026-03-09T14:53:23+00:00","mainEntityOfPage":{"@id":"https:\/\/magicienpro-paris.com\/?p=991"},"wordCount":924,"publisher":{"@id":"https:\/\/magicienpro-paris.com\/#\/schema\/person\/d4073c3100e8531a5b3e8a4607056746"},"image":{"@id":"https:\/\/magicienpro-paris.com\/?p=991#primaryimage"},"thumbnailUrl":"https:\/\/magicienpro-paris.com\/wp-content\/uploads\/2024\/10\/unnamed-4-scaled.jpg","articleSection":["Entreprise","Mentaliste"],"inLanguage":"fr-FR"},{"@type":"WebPage","@id":"https:\/\/magicienpro-paris.com\/?p=991","url":"https:\/\/magicienpro-paris.com\/?p=991","name":"Conf\u00e9rencier entreprise Paris | Conf\u00e9rence prise de d\u00e9cision - Gr\u00e9gory DEL RIO","isPartOf":{"@id":"https:\/\/magicienpro-paris.com\/#website"},"primaryImageOfPage":{"@id":"https:\/\/magicienpro-paris.com\/?p=991#primaryimage"},"image":{"@id":"https:\/\/magicienpro-paris.com\/?p=991#primaryimage"},"thumbnailUrl":"https:\/\/magicienpro-paris.com\/wp-content\/uploads\/2024\/10\/unnamed-4-scaled.jpg","datePublished":"2026-03-09T14:53:20+00:00","dateModified":"2026-03-09T14:53:23+00:00","breadcrumb":{"@id":"https:\/\/magicienpro-paris.com\/?p=991#breadcrumb"},"inLanguage":"fr-FR","potentialAction":[{"@type":"ReadAction","target":["https:\/\/magicienpro-paris.com\/?p=991"]}]},{"@type":"ImageObject","inLanguage":"fr-FR","@id":"https:\/\/magicienpro-paris.com\/?p=991#primaryimage","url":"https:\/\/magicienpro-paris.com\/wp-content\/uploads\/2024\/10\/unnamed-4-scaled.jpg","contentUrl":"https:\/\/magicienpro-paris.com\/wp-content\/uploads\/2024\/10\/unnamed-4-scaled.jpg","width":2560,"height":1920,"caption":"Conf\u00e9rencier entreprise"},{"@type":"BreadcrumbList","@id":"https:\/\/magicienpro-paris.com\/?p=991#breadcrumb","itemListElement":[{"@type":"ListItem","position":1,"name":"Accueil","item":"https:\/\/magicienpro-paris.com\/"},{"@type":"ListItem","position":2,"name":"Conf\u00e9rencier entreprise Paris | Conf\u00e9rence prise de d\u00e9cision"}]},{"@type":"WebSite","@id":"https:\/\/magicienpro-paris.com\/#website","url":"https:\/\/magicienpro-paris.com\/","name":"Gr\u00e9gory DEL RIO","description":"Votre magicien professionnel pour vos \u00e9v\u00e8nements","publisher":{"@id":"https:\/\/magicienpro-paris.com\/#\/schema\/person\/d4073c3100e8531a5b3e8a4607056746"},"potentialAction":[{"@type":"SearchAction","target":{"@type":"EntryPoint","urlTemplate":"https:\/\/magicienpro-paris.com\/?s={search_term_string}"},"query-input":{"@type":"PropertyValueSpecification","valueRequired":true,"valueName":"search_term_string"}}],"inLanguage":"fr-FR"},{"@type":["Person","Organization"],"@id":"https:\/\/magicienpro-paris.com\/#\/schema\/person\/d4073c3100e8531a5b3e8a4607056746","name":"magicienproparis@gmail.com","image":{"@type":"ImageObject","inLanguage":"fr-FR","@id":"https:\/\/magicienpro-paris.com\/#\/schema\/person\/image\/","url":"https:\/\/magicienpro-paris.com\/wp-content\/uploads\/2024\/09\/Logo-Gregory-DEL-RIO.png","contentUrl":"https:\/\/magicienpro-paris.com\/wp-content\/uploads\/2024\/09\/Logo-Gregory-DEL-RIO.png","width":2908,"height":1161,"caption":"magicienproparis@gmail.com"},"logo":{"@id":"https:\/\/magicienpro-paris.com\/#\/schema\/person\/image\/"}}]}},"_links":{"self":[{"href":"https:\/\/magicienpro-paris.com\/index.php?rest_route=\/wp\/v2\/posts\/991","targetHints":{"allow":["GET"]}}],"collection":[{"href":"https:\/\/magicienpro-paris.com\/index.php?rest_route=\/wp\/v2\/posts"}],"about":[{"href":"https:\/\/magicienpro-paris.com\/index.php?rest_route=\/wp\/v2\/types\/post"}],"author":[{"embeddable":true,"href":"https:\/\/magicienpro-paris.com\/index.php?rest_route=\/wp\/v2\/users\/2"}],"replies":[{"embeddable":true,"href":"https:\/\/magicienpro-paris.com\/index.php?rest_route=%2Fwp%2Fv2%2Fcomments&post=991"}],"version-history":[{"count":6,"href":"https:\/\/magicienpro-paris.com\/index.php?rest_route=\/wp\/v2\/posts\/991\/revisions"}],"predecessor-version":[{"id":1047,"href":"https:\/\/magicienpro-paris.com\/index.php?rest_route=\/wp\/v2\/posts\/991\/revisions\/1047"}],"wp:featuredmedia":[{"embeddable":true,"href":"https:\/\/magicienpro-paris.com\/index.php?rest_route=\/wp\/v2\/media\/622"}],"wp:attachment":[{"href":"https:\/\/magicienpro-paris.com\/index.php?rest_route=%2Fwp%2Fv2%2Fmedia&parent=991"}],"wp:term":[{"taxonomy":"category","embeddable":true,"href":"https:\/\/magicienpro-paris.com\/index.php?rest_route=%2Fwp%2Fv2%2Fcategories&post=991"},{"taxonomy":"post_tag","embeddable":true,"href":"https:\/\/magicienpro-paris.com\/index.php?rest_route=%2Fwp%2Fv2%2Ftags&post=991"}],"curies":[{"name":"wp","href":"https:\/\/api.w.org\/{rel}","templated":true}]}}